{"id":15873,"date":"2022-12-02T19:42:05","date_gmt":"2022-12-02T18:42:05","guid":{"rendered":"https:\/\/saintpierredentremont.org\/savoie\/?p=15873"},"modified":"2023-05-03T09:50:18","modified_gmt":"2023-05-03T07:50:18","slug":"eclairage-public-horaires-dextinction","status":"publish","type":"post","link":"https:\/\/saintpierredentremont.org\/savoie\/eclairage-public-horaires-dextinction\/","title":{"rendered":"\u00c9clairage public &#8211; horaires d&rsquo;extinction"},"content":{"rendered":"<p>Le 3 mai 2023<\/p>\n<h3><strong>Le bourg et le cin\u00e9ma reviennent \u00e0 l&rsquo;\u00e9clairage pr\u00e9c\u00e9dent apr\u00e8s la p\u00e9riode d&rsquo;exp\u00e9rimentation\u00a0 qui prend fin ce jour.<\/strong><\/h3>\n<p><a href=\"https:\/\/saintpierredentremont.org\/savoie\/wp-content\/uploads\/2022\/12\/eclairage-public-1.jpg\"><img loading=\"lazy\" decoding=\"async\" class=\"alignnone wp-image-15881\" src=\"https:\/\/saintpierredentremont.org\/savoie\/wp-content\/uploads\/2022\/12\/eclairage-public-1.jpg\" alt=\"\" width=\"452\" height=\"339\" srcset=\"https:\/\/saintpierredentremont.org\/savoie\/wp-content\/uploads\/2022\/12\/eclairage-public-1.jpg 1024w, https:\/\/saintpierredentremont.org\/savoie\/wp-content\/uploads\/2022\/12\/eclairage-public-1-300x225.jpg 300w, https:\/\/saintpierredentremont.org\/savoie\/wp-content\/uploads\/2022\/12\/eclairage-public-1-768x576.jpg 768w\" sizes=\"auto, (max-width: 452px) 100vw, 452px\" \/><\/a><\/p>\n<p>Afin de<strong> lutter contre la pollution lumineuse<\/strong> et de <strong>r\u00e9duire les co\u00fbts r\u00e9sultant de la consommation d&rsquo;\u00e9nergie<\/strong>, le conseil municipal a d\u00e9cid\u00e9 l&rsquo;\u00e9largissement de la plage horaire d&rsquo;extinction de l&rsquo;\u00e9clairage public.<\/p>\n<p>Ainsi, <strong>l&rsquo;extinction de l&rsquo;\u00e9clairage public hors bourg (jusqu&rsquo;au camping) et cin\u00e9ma<\/strong> va prochainement changer: de 23h00 \u00e0 5h actuellement, la p\u00e9riode sera \u00e9tendue <strong>de 22h30 \u00e0 6h00<\/strong>.<\/p>\n<p>Voir <a href=\"https:\/\/saintpierredentremont.org\/savoie\/les-comptes-rendus\/\">d\u00e9lib\u00e9ration 2022-11-07-DCM 75<\/a>, adopt\u00e9e lors du Conseil du 7 novembre 2022.<\/p>\n<p>&nbsp;<\/p>\n<hr \/>\n<p>1 mars 2020<\/p>\n<h2>Pollution lumineuse et biodiversit\u00e9<\/h2>\n<p>Lors du forum \u00ab\u00a0<strong>un \u00e9clairage raisonn\u00e9 pour des Parcs Etoil\u00e9s<\/strong>\u00ab\u00a0, organis\u00e9 par le PNR Chartreuse en d\u00e9cembre 2019,\u00a0 <strong>Romain Sordello<\/strong>, ing\u00e9nieur expert biodiversit\u00e9 au <span class=\"texte\"><b>Museum national d&rsquo;Histoire naturelle<\/b> et \u00e0 l&rsquo;<b>Agence fran\u00e7aise pour la Biodiversit\u00e9 au sein de l&rsquo;UMS PatriNat<\/b>, a pr\u00e9sent\u00e9 l&rsquo;impact de la lumi\u00e8re sur la biodiversit\u00e9.<\/span><\/p>\n<p>Lors de sa pr\u00e9sentation, il a abord\u00e9 la question des p\u00e9riodes cr\u00e9pusculaires :<\/p>\n<ul>\n<li>la <strong>coupure de l&rsquo;\u00e9clairage en coeur de nuit<\/strong> est certes b\u00e9n\u00e9fique car elle cr\u00e9e le cycle jour\/nuit et nous permet de contempler le ciel \u00e9toil\u00e9 mais <strong>ses b\u00e9n\u00e9fices sont limit\u00e9s<\/strong> en ce qui concerne la <strong>faune nocturne<\/strong><\/li>\n<li><strong>les conflits d&rsquo;usage se situent surtout au cr\u00e9puscule et \u00e0 l&rsquo;aube<\/strong> : c&rsquo;est \u00e0 ces moments l\u00e0 que les animaux (insectes, vert\u00e9br\u00e9s) quittent leur refuge pour rejoindre leur zone de chasse \u00e0 la tomb\u00e9e du jour et rejoignent leur refuge au petit matin<\/li>\n<li>il est donc utile de <strong>pr\u00e9server ces p\u00e9riodes d&rsquo;intense activit\u00e9 des animaux nocturnes de la pollution lumineuse<\/strong> et retardant l&rsquo;allumage le soir et en avan\u00e7ant l&rsquo;extinction de l&rsquo;\u00e9clairage public le matin<\/li>\n<li>c&rsquo;est pourquoi nous avons <strong>modifi\u00e9 le r\u00e9glage des horloges astronomiques<\/strong> de l&rsquo;\u00e9clairage public pour que les <strong>luminaires s&rsquo;allument \u00e0 la nuit tomb\u00e9e de la nuit le soir<\/strong> et <strong>s&rsquo;\u00e9teignent au tout d\u00e9but de l&rsquo;aurore le matin<\/strong> dans tous les secteurs de la commune.<\/li>\n<li>Ce dispositif devrait permettre \u00e0 la faune sauvage de reconqu\u00e9rir des territoires, n&rsquo;h\u00e9sitez pas \u00e0 faire remonter vos observations en mairie<\/li>\n<\/ul>\n<h3>T\u00e9l\u00e9charger la pr\u00e9sentation de Romain Sordello<\/h3>\n<p><a href=\"https:\/\/saintpierredentremont.org\/savoie\/wp-content\/uploads\/2018\/07\/2019_12_12_Pre--sentation_forum_coope--.pdf\" target=\"_blank\" rel=\"noopener\">2019_12_12_Pre\u0301sentation_forum_coope\u0301<\/a><\/p>\n<h2>Extinction nocturne \u00e0 St Pierre par secteur<\/h2>\n<p><a href=\"https:\/\/saintpierredentremont.org\/savoie\/wp-content\/uploads\/2020\/01\/2020-03-03-EP-armoires-luminaires-extinction-site.jpg\"><img loading=\"lazy\" decoding=\"async\" class=\" wp-image-7340 aligncenter\" src=\"https:\/\/saintpierredentremont.org\/savoie\/wp-content\/uploads\/2020\/01\/2020-03-03-EP-armoires-luminaires-extinction-site-227x300.jpg\" alt=\"\" width=\"282\" height=\"372\" srcset=\"https:\/\/saintpierredentremont.org\/savoie\/wp-content\/uploads\/2020\/01\/2020-03-03-EP-armoires-luminaires-extinction-site-227x300.jpg 227w, https:\/\/saintpierredentremont.org\/savoie\/wp-content\/uploads\/2020\/01\/2020-03-03-EP-armoires-luminaires-extinction-site-768x1013.jpg 768w, https:\/\/saintpierredentremont.org\/savoie\/wp-content\/uploads\/2020\/01\/2020-03-03-EP-armoires-luminaires-extinction-site-776x1024.jpg 776w\" sizes=\"auto, (max-width: 282px) 100vw, 282px\" \/><\/a><\/p>\n<h3>D\u00e9marche participative<\/h3>\n<p>L&rsquo;extinction nocturne a \u00e9t\u00e9 r\u00e9alis\u00e9e apr\u00e8s une phase de consultation des habitants en conseil de hameaux. L\u2019ASDER \u00e9tait venue y pr\u00e9senter les enjeux \u00e9cologiques, \u00e9conomiques et sociaux.<\/p>\n<p>Au niveau \u00e9cologique, \u00e9teindre permet de r\u00e9tablir la nuit noire, n\u00e9cessaire \u00e0 la vie nocturne comme diurne. De plus, cela g\u00e9n\u00e8re des \u00e9conomies d\u2019\u00e9nergie en proportion de la dur\u00e9e d\u2019extinction.<\/p>\n<p>Ainsi, depuis juin 2015, nous avons mis en place l\u2019extinction nocturne dans les hameaux.<\/p>\n<p>Apr\u00e8s quelques ajustements, les hameaux et lotissements sont maintenant cal\u00e9s sur une extinction de 23h \u00e0 5h.<\/p>\n<p>Eteindre 6 h sur les 11,5 h de nuit quotidienne (moyenne annuelle), c\u2019est consommer moiti\u00e9 moins d\u2019\u00e9lectricit\u00e9. Un pas de plus vers le territoire \u00e0 \u00e9nergie positive !<\/p>\n<h2>Incidence sur les consommations<\/h2>\n<p>La mise en place de l&rsquo;extinction nocturne depuis juin 2015 et la r\u00e9novation du parc de l&rsquo;\u00e9clairage public depuis 2018 a permis de r\u00e9duire la consommation d&rsquo;\u00e9lectricit\u00e9 et le co\u00fbt pour la commune malgr\u00e9 la cr\u00e9ation de nouveaux points lumineux en 2017 et 2018 le long de la passerelle du cimeti\u00e8re et du cheminement pi\u00e9ton vers le Replat en bord de Cozon.<\/p>\n<p><a href=\"https:\/\/saintpierredentremont.org\/savoie\/wp-content\/uploads\/2020\/01\/2020-02-29-EP-suivi-conso-graphe-conso.jpg\"><img loading=\"lazy\" decoding=\"async\" class=\"wp-image-7341 aligncenter\" src=\"https:\/\/saintpierredentremont.org\/savoie\/wp-content\/uploads\/2020\/01\/2020-02-29-EP-suivi-conso-graphe-conso-300x184.jpg\" alt=\"\" width=\"367\" height=\"225\" srcset=\"https:\/\/saintpierredentremont.org\/savoie\/wp-content\/uploads\/2020\/01\/2020-02-29-EP-suivi-conso-graphe-conso-300x184.jpg 300w, https:\/\/saintpierredentremont.org\/savoie\/wp-content\/uploads\/2020\/01\/2020-02-29-EP-suivi-conso-graphe-conso-768x471.jpg 768w, https:\/\/saintpierredentremont.org\/savoie\/wp-content\/uploads\/2020\/01\/2020-02-29-EP-suivi-conso-graphe-conso-1024x628.jpg 1024w, https:\/\/saintpierredentremont.org\/savoie\/wp-content\/uploads\/2020\/01\/2020-02-29-EP-suivi-conso-graphe-conso.jpg 1524w\" sizes=\"auto, (max-width: 367px) 100vw, 367px\" \/><\/a><\/p>\n<p><a href=\"https:\/\/saintpierredentremont.org\/savoie\/wp-content\/uploads\/2020\/01\/2020-02-29-EP-suivi-conso-graphe-cout.jpg\"><img loading=\"lazy\" decoding=\"async\" class=\"wp-image-7342 aligncenter\" src=\"https:\/\/saintpierredentremont.org\/savoie\/wp-content\/uploads\/2020\/01\/2020-02-29-EP-suivi-conso-graphe-cout-300x182.jpg\" alt=\"\" width=\"368\" height=\"223\" srcset=\"https:\/\/saintpierredentremont.org\/savoie\/wp-content\/uploads\/2020\/01\/2020-02-29-EP-suivi-conso-graphe-cout-300x182.jpg 300w, https:\/\/saintpierredentremont.org\/savoie\/wp-content\/uploads\/2020\/01\/2020-02-29-EP-suivi-conso-graphe-cout-768x465.jpg 768w, https:\/\/saintpierredentremont.org\/savoie\/wp-content\/uploads\/2020\/01\/2020-02-29-EP-suivi-conso-graphe-cout-1024x620.jpg 1024w, https:\/\/saintpierredentremont.org\/savoie\/wp-content\/uploads\/2020\/01\/2020-02-29-EP-suivi-conso-graphe-cout.jpg 1505w\" sizes=\"auto, (max-width: 368px) 100vw, 368px\" \/><\/a><\/p>\n<h3>Extinction dans les hameaux, et le bourg ?<\/h3>\n<p>Les travaux d&rsquo;enfouissement des r\u00e9seaux le long de la route du Replat vers l&rsquo;\u00e9cole a \u00e9t\u00e9 l&rsquo;occasion de modifier l&rsquo;installation de l&rsquo;\u00e9clairage public. Cela permet de programmer s\u00e9par\u00e9ment le r\u00e9seau de l&rsquo;\u00e9clairage public du Bourg et celui du replat et des lotissement du Pr\u00e9 du Comte et de Roche Veran. Ces derniers sont maintenant \u00e9teints de 23h \u00e0 5h, comme les autres hameaux et lotissements.<\/p>\n<p><strong>Pour avoir un effet encore plus significatif sur l&rsquo;\u00e9nergie consomm\u00e9e par l&rsquo;\u00e9clairage public et son co\u00fbt<\/strong>, il faudrait agir aussi sur le r\u00e9seau du Bourg qui couvre le centre-bourg, Bazini\u00e8re et la Combe.<\/p>\n<p><strong>Pourquoi ne pas tenter une p\u00e9riode test sur la base, par exemple, d&rsquo;une extinction de 1h \u00e0 5h les samedi et dimanche et de 0h \u00e0 5h les autres jours ? C&rsquo;est \u00e0 r\u00e9fl\u00e9chir ensemble.<\/strong><\/p>\n<h2>Aucun lien entre \u00e9clairage et s\u00e9curit\u00e9.<\/h2>\n<p>Dans toutes les communes o\u00f9 l&rsquo;arr\u00eat de l&rsquo;\u00e9clairage sur une p\u00e9riode de la nuit s&rsquo;est mis en place, la grande <strong>crainte des habitants \u00e9tait la s\u00e9curit\u00e9<\/strong>. Tous les chiffres montrent qu&rsquo;il n&rsquo;y a aucun lien entre \u00e9clairage et s\u00e9curit\u00e9.<\/p>\n<p>En effet, <strong>80% des cambriolages ont lieu le jour, 55% ont lieu entre 14h et 17h et 99% des d\u00e9lits nocturnes ont lieu dans des rues parfaitement \u00e9clair\u00e9es<\/strong> (donn\u00e9es gendarmerie\/compagnies d&rsquo;assurance). Nous pouvons donc \u00eatre rassur\u00e9s sur ce point.<\/p>\n","protected":false},"excerpt":{"rendered":"<p>Le 3 mai 2023 Le bourg et le cin\u00e9ma reviennent \u00e0 l&rsquo;\u00e9clairage pr\u00e9c\u00e9dent apr\u00e8s la p\u00e9riode d&rsquo;exp\u00e9rimentation\u00a0 qui prend fin ce jour. Afin de lutter contre la pollution lumineuse et de r\u00e9duire les co\u00fbts r\u00e9sultant de la consommation d&rsquo;\u00e9nergie, le conseil municipal a d\u00e9cid\u00e9 l&rsquo;\u00e9largissement de la plage horaire d&rsquo;extinction de l&rsquo;\u00e9clairage public. Ainsi, l&rsquo;extinction [&hellip;]<\/p>\n","protected":false},"author":20,"featured_media":15881,"comment_status":"open","ping_status":"open","sticky":false,"template":"","format":"standard","meta":{"footnotes":""},"categories":[1282,1285,80,78],"tags":[],"class_list":["post-15873","post","type-post","status-publish","format-standard","has-post-thumbnail","hentry","category-biodiversite","category-energie","category-bulletin-municipal","category-le-conseil-municipal-sengage"],"publishpress_future_action":{"enabled":false,"date":"2026-05-05 05:32:18","action":"change-status","newStatus":"draft","terms":[],"taxonomy":"category","extraData":[]},"publishpress_future_workflow_manual_trigger":{"enabledWorkflows":[]},"_links":{"self":[{"href":"https:\/\/saintpierredentremont.org\/savoie\/wp-json\/wp\/v2\/posts\/15873","targetHints":{"allow":["GET"]}}],"collection":[{"href":"https:\/\/saintpierredentremont.org\/savoie\/wp-json\/wp\/v2\/posts"}],"about":[{"href":"https:\/\/saintpierredentremont.org\/savoie\/wp-json\/wp\/v2\/types\/post"}],"author":[{"embeddable":true,"href":"https:\/\/saintpierredentremont.org\/savoie\/wp-json\/wp\/v2\/users\/20"}],"replies":[{"embeddable":true,"href":"https:\/\/saintpierredentremont.org\/savoie\/wp-json\/wp\/v2\/comments?post=15873"}],"version-history":[{"count":9,"href":"https:\/\/saintpierredentremont.org\/savoie\/wp-json\/wp\/v2\/posts\/15873\/revisions"}],"predecessor-version":[{"id":16536,"href":"https:\/\/saintpierredentremont.org\/savoie\/wp-json\/wp\/v2\/posts\/15873\/revisions\/16536"}],"wp:featuredmedia":[{"embeddable":true,"href":"https:\/\/saintpierredentremont.org\/savoie\/wp-json\/wp\/v2\/media\/15881"}],"wp:attachment":[{"href":"https:\/\/saintpierredentremont.org\/savoie\/wp-json\/wp\/v2\/media?parent=15873"}],"wp:term":[{"taxonomy":"category","embeddable":true,"href":"https:\/\/saintpierredentremont.org\/savoie\/wp-json\/wp\/v2\/categories?post=15873"},{"taxonomy":"post_tag","embeddable":true,"href":"https:\/\/saintpierredentremont.org\/savoie\/wp-json\/wp\/v2\/tags?post=15873"}],"curies":[{"name":"wp","href":"https:\/\/api.w.org\/{rel}","templated":true}]}}