{"id":18136,"date":"2024-05-14T08:00:53","date_gmt":"2024-05-14T06:00:53","guid":{"rendered":"https:\/\/saintpierredentremont.org\/savoie\/?p=18136"},"modified":"2025-05-10T10:46:00","modified_gmt":"2025-05-10T08:46:00","slug":"porte-drapeaux","status":"publish","type":"post","link":"https:\/\/saintpierredentremont.org\/savoie\/porte-drapeaux\/","title":{"rendered":"C\u00e9r\u00e9monie du 8 mai"},"content":{"rendered":"<div>\n<p style=\"text-align: left;\" align=\"center\">M.\u00e0.J le 14\/05\/2025<\/p>\n<p style=\"text-align: left;\" align=\"center\">C\u00e9r\u00e9monie Saint Pierre d&rsquo;Entremont Savoie<\/p>\n<p align=\"center\">\u00a0<a href=\"https:\/\/saintpierredentremont.org\/savoie\/wp-content\/uploads\/2024\/05\/SPE73-2-scaled.jpg\"><img loading=\"lazy\" decoding=\"async\" class=\"alignnone size-medium wp-image-19535\" src=\"https:\/\/saintpierredentremont.org\/savoie\/wp-content\/uploads\/2024\/05\/SPE73-2-300x225.jpg\" alt=\"\" width=\"300\" height=\"225\" srcset=\"https:\/\/saintpierredentremont.org\/savoie\/wp-content\/uploads\/2024\/05\/SPE73-2-300x225.jpg 300w, https:\/\/saintpierredentremont.org\/savoie\/wp-content\/uploads\/2024\/05\/SPE73-2-1024x768.jpg 1024w, https:\/\/saintpierredentremont.org\/savoie\/wp-content\/uploads\/2024\/05\/SPE73-2-768x576.jpg 768w, https:\/\/saintpierredentremont.org\/savoie\/wp-content\/uploads\/2024\/05\/SPE73-2-1536x1152.jpg 1536w, https:\/\/saintpierredentremont.org\/savoie\/wp-content\/uploads\/2024\/05\/SPE73-2-2048x1536.jpg 2048w\" sizes=\"auto, (max-width: 300px) 100vw, 300px\" \/><\/a> <a href=\"https:\/\/saintpierredentremont.org\/savoie\/wp-content\/uploads\/2024\/05\/SPE73-scaled.jpg\"><img loading=\"lazy\" decoding=\"async\" class=\"alignnone size-medium wp-image-19536\" src=\"https:\/\/saintpierredentremont.org\/savoie\/wp-content\/uploads\/2024\/05\/SPE73-300x133.jpg\" alt=\"\" width=\"300\" height=\"133\" srcset=\"https:\/\/saintpierredentremont.org\/savoie\/wp-content\/uploads\/2024\/05\/SPE73-300x133.jpg 300w, https:\/\/saintpierredentremont.org\/savoie\/wp-content\/uploads\/2024\/05\/SPE73-1024x453.jpg 1024w, https:\/\/saintpierredentremont.org\/savoie\/wp-content\/uploads\/2024\/05\/SPE73-768x340.jpg 768w, https:\/\/saintpierredentremont.org\/savoie\/wp-content\/uploads\/2024\/05\/SPE73-1536x680.jpg 1536w, https:\/\/saintpierredentremont.org\/savoie\/wp-content\/uploads\/2024\/05\/SPE73-2048x907.jpg 2048w, https:\/\/saintpierredentremont.org\/savoie\/wp-content\/uploads\/2024\/05\/SPE73-604x270.jpg 604w\" sizes=\"auto, (max-width: 300px) 100vw, 300px\" \/><\/a><\/p>\n<p style=\"text-align: left;\" align=\"center\">C\u00e9r\u00e9monie St M\u00eame<\/p>\n<p align=\"center\"><a href=\"https:\/\/saintpierredentremont.org\/savoie\/wp-content\/uploads\/2024\/05\/St-meme-2-scaled.jpg\"><img loading=\"lazy\" decoding=\"async\" class=\"alignnone size-medium wp-image-19534\" src=\"https:\/\/saintpierredentremont.org\/savoie\/wp-content\/uploads\/2024\/05\/St-meme-2-225x300.jpg\" alt=\"\" width=\"225\" height=\"300\" srcset=\"https:\/\/saintpierredentremont.org\/savoie\/wp-content\/uploads\/2024\/05\/St-meme-2-225x300.jpg 225w, https:\/\/saintpierredentremont.org\/savoie\/wp-content\/uploads\/2024\/05\/St-meme-2-768x1024.jpg 768w, https:\/\/saintpierredentremont.org\/savoie\/wp-content\/uploads\/2024\/05\/St-meme-2-1152x1536.jpg 1152w, https:\/\/saintpierredentremont.org\/savoie\/wp-content\/uploads\/2024\/05\/St-meme-2-1536x2048.jpg 1536w, https:\/\/saintpierredentremont.org\/savoie\/wp-content\/uploads\/2024\/05\/St-meme-2-scaled.jpg 1920w\" sizes=\"auto, (max-width: 225px) 100vw, 225px\" \/><\/a><\/p>\n<p align=\"center\"><a href=\"https:\/\/saintpierredentremont.org\/savoie\/wp-content\/uploads\/2024\/05\/St-meme-7-scaled.jpg\"><img loading=\"lazy\" decoding=\"async\" class=\"alignnone size-medium wp-image-19537\" src=\"https:\/\/saintpierredentremont.org\/savoie\/wp-content\/uploads\/2024\/05\/St-meme-7-300x225.jpg\" alt=\"\" width=\"300\" height=\"225\" srcset=\"https:\/\/saintpierredentremont.org\/savoie\/wp-content\/uploads\/2024\/05\/St-meme-7-300x225.jpg 300w, https:\/\/saintpierredentremont.org\/savoie\/wp-content\/uploads\/2024\/05\/St-meme-7-1024x768.jpg 1024w, https:\/\/saintpierredentremont.org\/savoie\/wp-content\/uploads\/2024\/05\/St-meme-7-768x576.jpg 768w, https:\/\/saintpierredentremont.org\/savoie\/wp-content\/uploads\/2024\/05\/St-meme-7-1536x1152.jpg 1536w, https:\/\/saintpierredentremont.org\/savoie\/wp-content\/uploads\/2024\/05\/St-meme-7-2048x1536.jpg 2048w\" sizes=\"auto, (max-width: 300px) 100vw, 300px\" \/><\/a> <a href=\"https:\/\/saintpierredentremont.org\/savoie\/wp-content\/uploads\/2024\/05\/St-meme-scaled.jpg\"><img loading=\"lazy\" decoding=\"async\" class=\"alignnone size-medium wp-image-19538\" src=\"https:\/\/saintpierredentremont.org\/savoie\/wp-content\/uploads\/2024\/05\/St-meme-300x225.jpg\" alt=\"\" width=\"300\" height=\"225\" srcset=\"https:\/\/saintpierredentremont.org\/savoie\/wp-content\/uploads\/2024\/05\/St-meme-300x225.jpg 300w, https:\/\/saintpierredentremont.org\/savoie\/wp-content\/uploads\/2024\/05\/St-meme-1024x768.jpg 1024w, https:\/\/saintpierredentremont.org\/savoie\/wp-content\/uploads\/2024\/05\/St-meme-768x576.jpg 768w, https:\/\/saintpierredentremont.org\/savoie\/wp-content\/uploads\/2024\/05\/St-meme-1536x1152.jpg 1536w, https:\/\/saintpierredentremont.org\/savoie\/wp-content\/uploads\/2024\/05\/St-meme-2048x1536.jpg 2048w\" sizes=\"auto, (max-width: 300px) 100vw, 300px\" \/><\/a><\/p>\n<p class=\"Standard\" align=\"center\">Les <strong>c\u00e9r\u00e9monies du 8 mai<\/strong> prochain se feront \u00e0 :<\/p>\n<\/div>\n<div>\n<p>&#8211; 9h30 devant le monument aux morts de Saint-Philibert,<\/p>\n<\/div>\n<div>\n<p>&#8211; 10h00 devant le monument aux maquisards de Saint-M\u00eame,<\/p>\n<\/div>\n<div>\n<p>&#8211; 10h30 devant le monument aux morts de Saint-Pierre d\u2019Entremont Savoie,<\/p>\n<\/div>\n<div>\n<p>&#8211; 10h50 devant le monument aux morts de Saint-Pierre d\u2019Entremont Is\u00e8re.<\/p>\n<hr \/>\n<\/div>\n<p>M.\u00e0.J le 14\/05\/2024<\/p>\n<p>Ce mercredi 8 mai 2024, a \u00e9t\u00e9 comm\u00e9mor\u00e9 \u00a0l&rsquo;armistice du 8 mai 1945. qui marque la fin de la seconde guerre mondiale et fait na\u00eetre un espoir de paix.<\/p>\n<p>Hommage a \u00e9t\u00e9 rendu, comme chaque ann\u00e9e, aux soldats et \u00e0 tous ceux et celles qui ont donn\u00e9 leur temps, leur force, et souvent leur vie pour notre libert\u00e9.<\/p>\n<p>Au cours de cette c\u00e9r\u00e9monie, le maire a eu le plaisir de remettre \u00e0 Bernard Garavel le Dipl\u00f4me d&rsquo;Honneur d&rsquo;Anciens Porte-drapeau d\u00e9livr\u00e9 par l&rsquo;Office National des Combattants et des Victimes de Guerre. Il\u00a0remettra ult\u00e9rieurement ce m\u00eame dipl\u00f4me \u00a0\u00e0 Roland F\u00e9taz qui n&rsquo;a malheureusement pas pu se rendre \u00e0 la c\u00e9r\u00e9monie.<\/p>\n<p>Il y avait \u00a0beaucoup de monde sur la place de la mairie pour assister \u00e0 cette c\u00e9r\u00e9monie.<\/p>\n<p>&nbsp;<\/p>\n<p><a href=\"https:\/\/saintpierredentremont.org\/savoie\/wp-content\/uploads\/2024\/05\/8-mai1.png\"><img loading=\"lazy\" decoding=\"async\" class=\"alignnone size-medium wp-image-18199\" src=\"https:\/\/saintpierredentremont.org\/savoie\/wp-content\/uploads\/2024\/05\/8-mai1-300x225.png\" alt=\"\" width=\"300\" height=\"225\" srcset=\"https:\/\/saintpierredentremont.org\/savoie\/wp-content\/uploads\/2024\/05\/8-mai1-300x225.png 300w, https:\/\/saintpierredentremont.org\/savoie\/wp-content\/uploads\/2024\/05\/8-mai1-768x576.png 768w, https:\/\/saintpierredentremont.org\/savoie\/wp-content\/uploads\/2024\/05\/8-mai1.png 1024w\" sizes=\"auto, (max-width: 300px) 100vw, 300px\" \/><\/a><\/p>\n<hr \/>\n<p>La c\u00e9r\u00e9monie du 8 mai \u00a0prochain se \u00a0fera<\/p>\n<p>-devant le monument aux morts de Saint-Philibert \u00e0 9h 30,<\/p>\n<p>-devant le monument aux maquisards de Saint-M\u00eame \u00e0 10h,<\/p>\n<p>-devant le monument aux morts de Saint-Pierre d&rsquo;Entremont Savoie \u00e0 10h30,<\/p>\n<p>-devant le monument aux morts de Saint-Pierre d&rsquo;Entremont Is\u00e8re \u00e0 11h.<\/p>\n<p>Les maires de Saint-Pierre d&rsquo;Entremont Savoie et Is\u00e8re remettront \u00e0 trois anciens porte-drapeaux ( Roland F\u00e9taz, Bernard Garavel, Joseph Villard) le Dipl\u00f4me d&rsquo;Honneur de Porte-drapeau d\u00e9cern\u00e9 par l&rsquo;Office National des Combattants et des Victimes de Guerre (ONACVG), en r\u00e9compense de leurs ann\u00e9es de services.<\/p>\n<p>Remerciements et f\u00e9licitations \u00e0 eux !<\/p>\n","protected":false},"excerpt":{"rendered":"<p>M.\u00e0.J le 14\/05\/2025 C\u00e9r\u00e9monie Saint Pierre d&rsquo;Entremont Savoie \u00a0 C\u00e9r\u00e9monie St M\u00eame Les c\u00e9r\u00e9monies du 8 mai prochain se feront \u00e0 : &#8211; 9h30 devant le monument aux morts de Saint-Philibert, &#8211; 10h00 devant le monument aux maquisards de Saint-M\u00eame, &#8211; 10h30 devant le monument aux morts de Saint-Pierre d\u2019Entremont Savoie, &#8211; 10h50 devant le [&hellip;]<\/p>\n","protected":false},"author":23,"featured_media":0,"comment_status":"open","ping_status":"open","sticky":false,"template":"","format":"standard","meta":{"footnotes":""},"categories":[1422,1,100,30],"tags":[],"class_list":["post-18136","post","type-post","status-publish","format-standard","hentry","category-a-la-une","category-mairie","category-histoire-et-patrimoine","category-service-public"],"publishpress_future_action":{"enabled":false,"date":"2026-05-06 12:32:55","action":"change-status","newStatus":"draft","terms":[],"taxonomy":"category","extraData":[]},"publishpress_future_workflow_manual_trigger":{"enabledWorkflows":[]},"_links":{"self":[{"href":"https:\/\/saintpierredentremont.org\/savoie\/wp-json\/wp\/v2\/posts\/18136","targetHints":{"allow":["GET"]}}],"collection":[{"href":"https:\/\/saintpierredentremont.org\/savoie\/wp-json\/wp\/v2\/posts"}],"about":[{"href":"https:\/\/saintpierredentremont.org\/savoie\/wp-json\/wp\/v2\/types\/post"}],"author":[{"embeddable":true,"href":"https:\/\/saintpierredentremont.org\/savoie\/wp-json\/wp\/v2\/users\/23"}],"replies":[{"embeddable":true,"href":"https:\/\/saintpierredentremont.org\/savoie\/wp-json\/wp\/v2\/comments?post=18136"}],"version-history":[{"count":10,"href":"https:\/\/saintpierredentremont.org\/savoie\/wp-json\/wp\/v2\/posts\/18136\/revisions"}],"predecessor-version":[{"id":19540,"href":"https:\/\/saintpierredentremont.org\/savoie\/wp-json\/wp\/v2\/posts\/18136\/revisions\/19540"}],"wp:attachment":[{"href":"https:\/\/saintpierredentremont.org\/savoie\/wp-json\/wp\/v2\/media?parent=18136"}],"wp:term":[{"taxonomy":"category","embeddable":true,"href":"https:\/\/saintpierredentremont.org\/savoie\/wp-json\/wp\/v2\/categories?post=18136"},{"taxonomy":"post_tag","embeddable":true,"href":"https:\/\/saintpierredentremont.org\/savoie\/wp-json\/wp\/v2\/tags?post=18136"}],"curies":[{"name":"wp","href":"https:\/\/api.w.org\/{rel}","templated":true}]}}