{"id":19203,"date":"2025-12-30T00:00:02","date_gmt":"2025-12-29T23:00:02","guid":{"rendered":"https:\/\/saintpierredentremont.org\/savoie\/?p=19203"},"modified":"2026-03-14T09:01:30","modified_gmt":"2026-03-14T08:01:30","slug":"mot-du-maire-janvier-fevrier","status":"publish","type":"post","link":"https:\/\/saintpierredentremont.org\/savoie\/mot-du-maire-janvier-fevrier\/","title":{"rendered":"MOT DU MAIRE janvier &#8211; f\u00e9vrier"},"content":{"rendered":"<div>\n<div>\n<div>\n<p>Mot du Maire janvier &#8211; f\u00e9vrier 2026<\/p>\n<p class=\"cvGsUA direction-ltr align-justify para-style-body\"><span class=\"a_GcMg font-feature-liga-off font-feature-clig-off font-feature-calt-off text-decoration-none text-strikethrough-none\">J\u2019esp\u00e8re que vous avez pass\u00e9 de bonnes f\u00eates.<\/span><\/p>\n<p class=\"cvGsUA direction-ltr align-justify para-style-body\"><span class=\"a_GcMg font-feature-liga-off font-feature-clig-off font-feature-calt-off text-decoration-none text-strikethrough-none\">L\u2019ann\u00e9e 2026 s\u2019annonce anim\u00e9e. Il y aura bien s\u00fbr les <\/span><strong><span class=\"a_GcMg font-feature-liga-off font-feature-clig-off font-feature-calt-off text-decoration-none text-strikethrough-none\">\u00e9lections municipales<\/span><\/strong><span class=\"a_GcMg font-feature-liga-off font-feature-clig-off font-feature-calt-off text-decoration-none text-strikethrough-none\"> les 15 et 22 mars 2026, et j\u2019en profite pour rappeler que vous pouvez vous inscrire sur les listes \u00e9lectorales jusqu\u2019au 4 f\u00e9vrier en ligne et jusqu\u2019au 6 f\u00e9vrier en mairie. Lors d\u2019une r\u00e9union publique qui se tiendra le 6 f\u00e9vrier \u00e0 19h dans la salle du r\u00e9fectoire du groupe scolaire, tous les candidats se pr\u00e9senteront et s\u2019ensuivra un \u00e9change avec les citoyens.<\/span><\/p>\n<p class=\"cvGsUA direction-ltr align-justify para-style-body\"><span class=\"a_GcMg font-feature-liga-off font-feature-clig-off font-feature-calt-off text-decoration-none text-strikethrough-none\">Dans cette p\u00e9riode pr\u00e9\u00e9lectorale, on ne peut pas afficher les projets \u00e0 venir mais il est possible d\u2019informer sur <\/span><strong><span class=\"a_GcMg font-feature-liga-off font-feature-clig-off font-feature-calt-off text-decoration-none text-strikethrough-none\">les projets en cours<\/span><\/strong><span class=\"a_GcMg font-feature-liga-off font-feature-clig-off font-feature-calt-off text-decoration-none text-strikethrough-none\">. C\u2019est le cas de celui du <\/span><span class=\"a_GcMg font-feature-liga-off font-feature-clig-off font-feature-calt-off text-decoration-none text-strikethrough-none\">classement du cirque de Saint-M\u00eame<\/span><span class=\"a_GcMg font-feature-liga-off font-feature-clig-off font-feature-calt-off text-decoration-none text-strikethrough-none\">. \u00c0 la suite de tout le processus de concertation, l\u2019\u00e9tat souhaiterait une enqu\u00eate publique en f\u00e9vrier. D\u00e8s que les dates seront pr\u00e9cis\u00e9es, elles seront mises sur Illiwap et notre site internet.<\/span><\/p>\n<p class=\"cvGsUA direction-ltr align-justify para-style-body\"><span class=\"a_GcMg font-feature-liga-off font-feature-clig-off font-feature-calt-off text-decoration-none text-strikethrough-none\">Concernant le <\/span><strong><span class=\"a_GcMg font-feature-liga-off font-feature-clig-off font-feature-calt-off text-decoration-none text-strikethrough-none\">nouvel espace naturel sensible des pelouses s\u00e8ches<\/span><\/strong><span class=\"a_GcMg font-feature-liga-off font-feature-clig-off font-feature-calt-off text-decoration-none text-strikethrough-none\"> de la Fracette-La Roche Veyrand, une premi\u00e8re r\u00e9union de pr\u00e9sentation avec les usagers du site a eu lieu en d\u00e9cembre. Tous les ans le D\u00e9partement proposera des animations afin de faire connaitre l\u2019int\u00e9r\u00eat en mati\u00e8re de biodiversit\u00e9. La prochaine aura lieu le 6 juin 2026. Trois autres animations par an seront propos\u00e9es sur le th\u00e8me de la biodiversit\u00e9 de la commune dans le cadre d\u2019un programme de l\u2019office Fran\u00e7ais de la biodiversit\u00e9 appel\u00e9 ABC (Atlas de la Biodiversit\u00e9 Communale). Toutes ces dates seront \u00e0 retrouver sur illiwap et notre site internet.<\/span><\/p>\n<p class=\"cvGsUA direction-ltr align-justify para-style-body\"><strong><span class=\"a_GcMg font-feature-liga-off font-feature-clig-off font-feature-calt-off text-decoration-none text-strikethrough-none\">Les travaux de <\/span><span class=\"a_GcMg font-feature-liga-off font-feature-clig-off font-feature-calt-off text-decoration-none text-strikethrough-none\">rehaussement de la digue<\/span><\/strong><span class=\"a_GcMg font-feature-liga-off font-feature-clig-off font-feature-calt-off text-decoration-none text-strikethrough-none\"> \u00e0 la sortie du village en direction de Saint-M\u00eame ont \u00e9t\u00e9 valid\u00e9s par le SIAGA. Ils seront r\u00e9alis\u00e9s entre 2026 et 2028.<\/span><\/p>\n<p class=\"cvGsUA direction-ltr align-justify para-style-body\"><strong><span class=\"a_GcMg font-feature-liga-off font-feature-clig-off font-feature-calt-off text-decoration-none text-strikethrough-none\">Les travaux de l\u2019ancienne \u00e9cole<\/span><\/strong><span class=\"a_GcMg font-feature-liga-off font-feature-clig-off font-feature-calt-off text-decoration-none text-strikethrough-none\"> ont bien commenc\u00e9. Pour l\u2019instant les d\u00e9lais sont tenus.<\/span><\/p>\n<p class=\"cvGsUA direction-ltr align-justify para-style-body\"><span class=\"a_GcMg font-feature-liga-off font-feature-clig-off font-feature-calt-off text-decoration-none text-strikethrough-none\">L\u2019enqu\u00eate publique concernant la <\/span><strong><span class=\"a_GcMg font-feature-liga-off font-feature-clig-off font-feature-calt-off text-decoration-none text-strikethrough-none\">modification du Plan Local d\u2019Urbanisme<\/span><\/strong><span class=\"a_GcMg font-feature-liga-off font-feature-clig-off font-feature-calt-off text-decoration-none text-strikethrough-none\"> men\u00e9e du 20 octobre et 7 novembre 2025 n\u2019a pas fait apparaitre de probl\u00e8mes pour modifier l\u2019\u00e9laboration de nos zones d\u2019habitat densifi\u00e9 (OAP). Cela permet de continuer la proc\u00e9dure qui aboutira d\u00e9finitivement d\u00e9but 2026. Les r\u00e9clamations d\u00e9pos\u00e9es ont concern\u00e9 d\u2019une part un manque d\u2019information lors de la cr\u00e9ation de ce PLUI entre 2015-2019 et d\u2019autre part des demandes de modification de zonage. Sur ce dernier point, cela n\u2019\u00e9tait pas possible r\u00e9glementairement dans cette proc\u00e9dure.<\/span><\/p>\n<p class=\"cvGsUA direction-ltr align-justify para-style-body\"><strong><span class=\"a_GcMg font-feature-liga-off font-feature-clig-off font-feature-calt-off text-decoration-none text-strikethrough-none\">Le service d\u2019aide \u00e0 domicile<\/span><\/strong><span class=\"a_GcMg font-feature-liga-off font-feature-clig-off font-feature-calt-off text-decoration-none text-strikethrough-none\"> (SAD) g\u00e9r\u00e9 par le Centre Intercommunal d\u2019Action Sociale (CIAS) n\u2019arrive pas \u00e0 s\u2019\u00e9quilibrer financi\u00e8rement. Les charges n\u2019ont cess\u00e9 d\u2019augmenter ces derni\u00e8res ann\u00e9es. Or ce service est essentiel et vital pour certains habitants de la commune. C\u2019est pourquoi le montant de la participation de la commune a \u00e9t\u00e9 fortement r\u00e9\u00e9valu\u00e9.<\/span><\/p>\n<p class=\"cvGsUA direction-ltr align-justify para-style-body\"><span class=\"a_GcMg font-feature-liga-off font-feature-clig-off font-feature-calt-off text-decoration-none text-strikethrough-none\">Pour cette saison, les gestionnaires des <\/span><strong><span class=\"a_GcMg font-feature-liga-off font-feature-clig-off font-feature-calt-off text-decoration-none text-strikethrough-none\">stations de ski<\/span><\/strong><span class=\"a_GcMg font-feature-liga-off font-feature-clig-off font-feature-calt-off text-decoration-none text-strikethrough-none\"> se sont entendus pour proposer de nouveaux forfaits. Le \u00ab Ski-pass 1,2,3, stations \u00bb regroupe Les D\u00e9serts d&rsquo;Entremont, Le Granier et Le Planolet, puis le \u00ab Ski-Pass Chartreuse Saison \u00bb regroupe La Stass et Les Egaux. Vous pouvez obtenir ces \u00ab\u00a0pass\u00a0\u00bb via le site chartreuse tourisme.<\/span><\/p>\n<p class=\"cvGsUA direction-ltr align-justify para-style-body\"><span class=\"a_GcMg font-feature-liga-off font-feature-clig-off font-feature-calt-off text-decoration-none text-strikethrough-none\">Je profite de ce mot du maire pour remercier tous ceux qui ont \u0153uvr\u00e9 pour la pr\u00e9paration et le service du<\/span><strong><span class=\"a_GcMg font-feature-liga-off font-feature-clig-off font-feature-calt-off text-decoration-none text-strikethrough-none\"> repas des a\u00een\u00e9s<\/span><\/strong><span class=\"a_GcMg font-feature-liga-off font-feature-clig-off font-feature-calt-off text-decoration-none text-strikethrough-none\">. Tout le monde a pass\u00e9 un tr\u00e8s bon moment : l\u2019entrain des animateurs et musiciens &#8211; dont la prestation nous a \u00e9t\u00e9 offerte par monsieur Moiroud &#8211; et la qualit\u00e9 des plats pr\u00e9par\u00e9s par notre cuisinier Bruno ont donn\u00e9 \u00e0 ce repas un air de f\u00eate tr\u00e8s appr\u00e9ci\u00e9 par tous.<\/span><\/p>\n<p class=\"cvGsUA direction-ltr align-justify para-style-body\"><span class=\"a_GcMg font-feature-liga-off font-feature-clig-off font-feature-calt-off text-decoration-none text-strikethrough-none\">Je vous rappelle <\/span><span class=\"a_GcMg font-feature-liga-off font-feature-clig-off font-feature-calt-off text-decoration-none text-strikethrough-none\">la <strong>c\u00e9r\u00e9monie des v\u0153ux<\/strong><\/span><span class=\"a_GcMg font-feature-liga-off font-feature-clig-off font-feature-calt-off text-decoration-none text-strikethrough-none\"><strong> du maire<\/strong> qui se tiendra le 23 janvier 2026 \u00e0 19h dans le r\u00e9fectoire du groupe scolaire.<\/span><\/p>\n<p class=\"cvGsUA direction-ltr align-justify para-style-body\"><span class=\"a_GcMg font-feature-liga-off font-feature-clig-off font-feature-calt-off text-decoration-none text-strikethrough-none\">Je vous souhaite une <\/span><span class=\"a_GcMg font-feature-liga-off font-feature-clig-off font-feature-calt-off text-decoration-none text-strikethrough-none\">belle ann\u00e9e 2026,<\/span><span class=\"a_GcMg font-feature-liga-off font-feature-clig-off font-feature-calt-off text-decoration-none text-strikethrough-none\"> faite de bonnes ambiances et de beaux projets.<\/span><\/p>\n<p><a href=\"https:\/\/saintpierredentremont.org\/savoie\/wp-content\/uploads\/2025\/01\/1.jpg\"><img loading=\"lazy\" decoding=\"async\" class=\"alignnone size-medium wp-image-20424\" src=\"https:\/\/saintpierredentremont.org\/savoie\/wp-content\/uploads\/2025\/01\/1-213x300.jpg\" alt=\"\" width=\"213\" height=\"300\" srcset=\"https:\/\/saintpierredentremont.org\/savoie\/wp-content\/uploads\/2025\/01\/1-213x300.jpg 213w, https:\/\/saintpierredentremont.org\/savoie\/wp-content\/uploads\/2025\/01\/1-726x1024.jpg 726w, https:\/\/saintpierredentremont.org\/savoie\/wp-content\/uploads\/2025\/01\/1-768x1083.jpg 768w, https:\/\/saintpierredentremont.org\/savoie\/wp-content\/uploads\/2025\/01\/1-1090x1536.jpg 1090w, https:\/\/saintpierredentremont.org\/savoie\/wp-content\/uploads\/2025\/01\/1.jpg 1240w\" sizes=\"auto, (max-width: 213px) 100vw, 213px\" \/><\/a><\/p>\n<hr \/>\n<p>Mot du Maire novembre &#8211; d\u00e9cembre<\/p>\n<p class=\"cvGsUA direction-ltr align-justify para-style-body\"><span class=\"a_GcMg font-feature-liga-off font-feature-clig-off font-feature-calt-off text-decoration-none text-strikethrough-none\">Pour ce dernier mot du maire de l\u2019ann\u00e9e 2025, je ferai d\u2019abord l\u2019inventaire de l\u2019\u00e9tat des travaux sur la commune.<\/span><\/p>\n<p class=\"cvGsUA direction-ltr align-justify para-style-body\"><span class=\"a_GcMg font-feature-liga-off font-feature-clig-off font-feature-calt-off text-decoration-none text-strikethrough-none\">Les travaux sur le <\/span><strong><span class=\"a_GcMg font-feature-liga-off font-feature-clig-off font-feature-calt-off text-decoration-none text-strikethrough-none\">chemin de l\u2019Alpette<\/span><\/strong><span class=\"a_GcMg font-feature-liga-off font-feature-clig-off font-feature-calt-off text-decoration-none text-strikethrough-none\"> \u00e9taient la r\u00e9fection des poteaux et la r\u00e9alisation d\u2019une passerelle permettant de s\u00e9curiser le passage des troupeaux. Ils ont pu \u00eatre faits avant la descente des alpages. Une partie de la <\/span><strong><span class=\"a_GcMg font-feature-liga-off font-feature-clig-off font-feature-calt-off text-decoration-none text-strikethrough-none\">route des Lanches<\/span><\/strong><span class=\"a_GcMg font-feature-liga-off font-feature-clig-off font-feature-calt-off text-decoration-none text-strikethrough-none\"> a \u00e9t\u00e9 reprise entre les Claret et les Vincent. Une partie de la <\/span><strong><span class=\"a_GcMg font-feature-liga-off font-feature-clig-off font-feature-calt-off text-decoration-none text-strikethrough-none\">route des Buis<\/span><\/strong><span class=\"a_GcMg font-feature-liga-off font-feature-clig-off font-feature-calt-off text-decoration-none text-strikethrough-none\"> doit \u00eatre refaite, mais \u00e0 ce jour les entreprises n\u2019ont pas de disponibilit\u00e9 et nous devons donc attendre leurs dates de d\u00e9but des travaux.<\/span><\/p>\n<p class=\"cvGsUA direction-ltr align-justify para-style-body\"><span class=\"a_GcMg font-feature-liga-off font-feature-clig-off font-feature-calt-off text-decoration-none text-strikethrough-none\">Concernant les travaux de l\u2019<\/span><strong><span class=\"a_GcMg font-feature-liga-off font-feature-clig-off font-feature-calt-off text-decoration-none text-strikethrough-none\">ancienne \u00e9cole<\/span><\/strong><span class=\"a_GcMg font-feature-liga-off font-feature-clig-off font-feature-calt-off text-decoration-none text-strikethrough-none\">, ils d\u00e9buteront tr\u00e8s prochainement, fin octobre-d\u00e9but novembre, avec<\/span><span class=\"a_GcMg font-feature-liga-off font-feature-clig-off font-feature-calt-off text-decoration-none text-strikethrough-none\"> le <strong>d\u00e9samiantage<\/strong><\/span><span class=\"a_GcMg font-feature-liga-off font-feature-clig-off font-feature-calt-off text-decoration-none text-strikethrough-none\">, puis le <\/span><strong><span class=\"a_GcMg font-feature-liga-off font-feature-clig-off font-feature-calt-off text-decoration-none text-strikethrough-none\">gros \u0153uvre commencera mi-d\u00e9cembre<\/span><\/strong><span class=\"a_GcMg font-feature-liga-off font-feature-clig-off font-feature-calt-off text-decoration-none text-strikethrough-none\">. Le parking devant l\u2019ancienne \u00e9cole sera ferm\u00e9, mais 2 places resteront disponibles pendant la premi\u00e8re phase des travaux. Pendant la deuxi\u00e8me phase nous pourrons lib\u00e9rer 4 places de parking.<\/span><\/p>\n<p class=\"cvGsUA direction-ltr align-justify para-style-body\"><span class=\"a_GcMg font-feature-liga-off font-feature-clig-off font-feature-calt-off text-decoration-none text-strikethrough-none\">Les appels d\u2019offre concernant le renforcement du gymnase <\/span><span class=\"a_GcMg font-feature-liga-off font-feature-clig-off font-feature-calt-off text-decoration-none text-strikethrough-none\">(<strong>EMA<\/strong>)<\/span><span class=\"a_GcMg font-feature-liga-off font-feature-clig-off font-feature-calt-off text-decoration-none text-strikethrough-none\"> ont d\u00e9but\u00e9. L\u2019appel d\u2019offre pour la maitrise d\u2019\u0153uvre s\u2019est termin\u00e9 <\/span><span class=\"a_GcMg font-feature-liga-off font-feature-clig-off font-feature-calt-off text-decoration-none text-strikethrough-none\">le 30 septembre. Celui pour les entreprises se fait dans la foul\u00e9e. <\/span><strong><span class=\"a_GcMg font-feature-liga-off font-feature-clig-off font-feature-calt-off text-decoration-none text-strikethrough-none\">Le choix d\u00e9finitif des entreprises retenues pour les travaux se fera <\/span><\/strong><strong><span class=\"a_GcMg font-feature-liga-off font-feature-clig-off font-feature-calt-off text-decoration-none text-strikethrough-none\">le 16 d\u00e9cembre 2025<\/span><\/strong><span class=\"a_GcMg font-feature-liga-off font-feature-clig-off font-feature-calt-off text-decoration-none text-strikethrough-none\"><strong>.<\/strong> Ensuite, le temps n\u00e9cessaire aux entreprises pour r\u00e9aliser le renforcement ne sera pas tr\u00e8s long.<\/span><\/p>\n<p class=\"cvGsUA direction-ltr align-justify para-style-body\"><span class=\"a_GcMg font-feature-liga-off font-feature-clig-off font-feature-calt-off text-decoration-none text-strikethrough-none\">Un inventaire des compteurs des <\/span><strong><span class=\"a_GcMg font-feature-liga-off font-feature-clig-off font-feature-calt-off text-decoration-none text-strikethrough-none\">bassins<\/span><\/strong><span class=\"a_GcMg font-feature-liga-off font-feature-clig-off font-feature-calt-off text-decoration-none text-strikethrough-none\"> a \u00e9t\u00e9 \u00e9tabli pour optimiser leur utilisation. Ce travail a \u00e9t\u00e9 fait par la commune et le SIAEP.<\/span><\/p>\n<p class=\"cvGsUA direction-ltr align-justify para-style-body\"><span class=\"a_GcMg font-feature-liga-off font-feature-clig-off font-feature-calt-off text-decoration-none text-strikethrough-none\">Le processus mis en place pour le <\/span><strong><span class=\"a_GcMg font-feature-liga-off font-feature-clig-off font-feature-calt-off text-decoration-none text-strikethrough-none\">classement du cirque de Saint-M\u00eame <\/span><\/strong><span class=\"a_GcMg font-feature-liga-off font-feature-clig-off font-feature-calt-off text-decoration-none text-strikethrough-none\">touche \u00e0 sa fin. Quatre r\u00e9unions sont encore n\u00e9cessaires pour affiner, d\u2019une part, les orientations de gestion et d\u2019am\u00e9nagement et, d\u2019autre part, les plans de gestion pr\u00e9cis de la for\u00eat, de l\u2019agriculture et du milieu naturel. Les deux premi\u00e8res r\u00e9unions auront lieu les 13 et 14 novembre.<\/span><\/p>\n<p class=\"cvGsUA direction-ltr align-justify para-style-body\"><span class=\"a_GcMg font-feature-liga-off font-feature-clig-off font-feature-calt-off text-decoration-none text-strikethrough-none\">Autre processus d&rsquo;importance, l&rsquo;enqu\u00eate publique portant sur la <\/span><strong><span class=\"a_GcMg font-feature-liga-off font-feature-clig-off font-feature-calt-off text-decoration-none text-strikethrough-none\">modification simplifi\u00e9e du PLUI (PLan Local d&rsquo;Urbanisme Intercommunal)<\/span><\/strong><span class=\"a_GcMg font-feature-liga-off font-feature-clig-off font-feature-calt-off text-decoration-none text-strikethrough-none\">. L&rsquo;enqu\u00eate a d\u00e9but\u00e9 le 20 octobre et finira le 7 novembre. Cette modification rev\u00eat une importance forte pour notre commune car elle permet la r\u00e9alisation de nos OAP (Op\u00e9ration d&rsquo;Am\u00e9nagement et de Programmation) sur les Bandets et le Cozon ce qui signifie pouvoir construire des appartements.<\/span><\/p>\n<p class=\"cvGsUA direction-ltr align-justify para-style-body\"><span class=\"a_GcMg font-feature-liga-off font-feature-clig-off font-feature-calt-off text-decoration-none text-strikethrough-none\">La CCCC met en place un <\/span><strong><span class=\"a_GcMg font-feature-liga-off font-feature-clig-off font-feature-calt-off text-decoration-none text-strikethrough-none\">comit\u00e9 local foncier agricole<\/span><\/strong><span class=\"a_GcMg font-feature-liga-off font-feature-clig-off font-feature-calt-off text-decoration-none text-strikethrough-none\"> avec pour objectif de mieux suivre les ventes de terrains agricoles et les possibilit\u00e9s d\u2019\u00e9changes agricoles, bien s\u00fbr, toujours pour permettre d<strong>\u2019<\/strong><\/span><strong><span class=\"a_GcMg font-feature-liga-off font-feature-clig-off font-feature-calt-off text-decoration-none text-strikethrough-none\">am\u00e9liorer le fonctionnement des exploitations agricoles<\/span><\/strong><span class=\"a_GcMg font-feature-liga-off font-feature-clig-off font-feature-calt-off text-decoration-none text-strikethrough-none\"> et de soutenir la r\u00e9alisation des transmissions des exploitations. C\u2019est dans ce cadre qu\u2019a \u00e9t\u00e9 pr\u00e9sent\u00e9 \u00e0 la salle Notre-Dame le spectacle sur le foncier agricole nomm\u00e9 \u00ab Larzac \u00bb le 26 octobre dernier avec une projection du film \u00ab Graines \u00bb sur l\u2019agriculture en Chartreuse.<\/span><\/p>\n<p class=\"cvGsUA direction-ltr align-justify para-style-body\"><span class=\"a_GcMg font-feature-liga-off font-feature-clig-off font-feature-calt-off text-decoration-none text-strikethrough-none\">Je reviens sur l\u2019<\/span><strong><span class=\"a_GcMg font-feature-liga-off font-feature-clig-off font-feature-calt-off text-decoration-none text-strikethrough-none\">inauguration de la travers\u00e9e du bourg<\/span><\/strong><span class=\"a_GcMg font-feature-liga-off font-feature-clig-off font-feature-calt-off text-decoration-none text-strikethrough-none\">, pour ceux qui n\u2019ont pas pu y assister.<\/span> <span class=\"a_GcMg font-feature-liga-off font-feature-clig-off font-feature-calt-off text-decoration-none text-strikethrough-none\">Ce fut l\u2019occasion de revenir sur les raisons historiques de la d\u00e9nomination de la <\/span><strong><span class=\"a_GcMg font-feature-liga-off font-feature-clig-off font-feature-calt-off text-decoration-none text-strikethrough-none\">place Ren\u00e9 Cassin<\/span><\/strong><span class=\"a_GcMg font-feature-liga-off font-feature-clig-off font-feature-calt-off text-decoration-none text-strikethrough-none\"> qui, juriste et grand homme politique, prix Nobel de la Paix, fut un homme tr\u00e8s li\u00e9 personnellement \u00e0 Saint-Pierre d\u2019Entremont au d\u00e9veloppement touristique duquel il a apport\u00e9 son appui. Ce fut aussi l\u2019occasion de nommer la <\/span><strong><span class=\"a_GcMg font-feature-liga-off font-feature-clig-off font-feature-calt-off text-decoration-none text-strikethrough-none\">fontaine Fernand Rey<\/span><\/strong><span class=\"a_GcMg font-feature-liga-off font-feature-clig-off font-feature-calt-off text-decoration-none text-strikethrough-none\"> pour que soit inscrite la m\u00e9moire de ce personnage qui a marqu\u00e9 la commune par ses qualit\u00e9s humaines et son \u00e9tat d\u2019esprit. Pour cette inauguration, <\/span><strong><span class=\"a_GcMg font-feature-liga-off font-feature-clig-off font-feature-calt-off text-decoration-none text-strikethrough-none\">les enfants de l\u2019\u00e9cole avaient pr\u00e9par\u00e9 une belle guirlande<\/span><\/strong><span class=\"a_GcMg font-feature-liga-off font-feature-clig-off font-feature-calt-off text-decoration-none text-strikethrough-none\"> qui fut tendue devant la marie le temps de la c\u00e9r\u00e9monie : elle illustrait les Droits de l\u2019enfant. D\u2019autres <\/span><strong><span class=\"a_GcMg font-feature-liga-off font-feature-clig-off font-feature-calt-off text-decoration-none text-strikethrough-none\">ont<\/span> <span class=\"a_GcMg font-feature-liga-off font-feature-clig-off font-feature-calt-off text-decoration-none text-strikethrough-none\">lu des articles<\/span><\/strong><span class=\"a_GcMg font-feature-liga-off font-feature-clig-off font-feature-calt-off text-decoration-none text-strikethrough-none\"> de la D\u00e9claration Universelle des Droits de l\u2019Homme de 1948. Je remercie chaleureusement les enseignants, qui ont dirig\u00e9 et accompagn\u00e9 leurs \u00e9l\u00e8ves dans ce projet. Je remercie aussi tous les b\u00e9n\u00e9voles, adultes et enfants, qui ont permis la r\u00e9alisation de ce tr\u00e8s beau moment de convivialit\u00e9.<\/span><\/p>\n<p class=\"cvGsUA direction-ltr align-justify para-style-body\"><span class=\"a_GcMg font-feature-liga-off font-feature-clig-off font-feature-calt-off text-decoration-none text-strikethrough-none\">Dans le cadre de la <\/span><strong><span class=\"a_GcMg font-feature-liga-off font-feature-clig-off font-feature-calt-off text-decoration-none text-strikethrough-none\">for\u00eat p\u00e9dagogique<\/span><\/strong><span class=\"a_GcMg font-feature-liga-off font-feature-clig-off font-feature-calt-off text-decoration-none text-strikethrough-none\">, l\u2019\u00e9cole de Villard-de-Lans a invit\u00e9 le 16 octobre dernier les CM1\/CM2\/CE2 de Saint-Pierre-d\u2019Entremont pour venir faire des activit\u00e9s autour de leur for\u00eat. Ce fut un \u00e9change tr\u00e8s riche et de grande qualit\u00e9.<\/span><\/p>\n<p class=\"cvGsUA direction-ltr align-justify para-style-body\"><span class=\"a_GcMg font-feature-liga-off font-feature-clig-off font-feature-calt-off text-decoration-none text-strikethrough-none\">Pour continuer \u00e0 parler de l\u2019\u00e9cole, si active, j\u2019ai le plaisir d\u2019annoncer qu\u2019<\/span><strong><span class=\"a_GcMg font-feature-liga-off font-feature-clig-off font-feature-calt-off text-decoration-none text-strikethrough-none\">une classe de mer est organis\u00e9e pour emmener toutes les classes de l\u2019\u00e9cole depuis la maternelle<\/span><\/strong><span class=\"a_GcMg font-feature-liga-off font-feature-clig-off font-feature-calt-off text-decoration-none text-strikethrough-none\"> d\u00e9couvrir des activit\u00e9s en milieu marin adapt\u00e9es \u00e0 leur \u00e2ge (par exemple le char \u00e0 voile pour les plus grands). C\u2019est une vraie opportunit\u00e9 pour tous les enfants de vivre un moment rare en collectivit\u00e9. Bravo et merci aux enseignants ! Ils y mettent une grande \u00e9nergie.<\/span><\/p>\n<p class=\"cvGsUA direction-ltr align-justify para-style-body\"><span class=\"a_GcMg font-feature-liga-off font-feature-clig-off font-feature-calt-off text-decoration-none text-strikethrough-none\">Je finis par le <\/span><strong><span class=\"a_GcMg font-feature-liga-off font-feature-clig-off font-feature-calt-off text-decoration-none text-strikethrough-none\">repas des ain\u00e9s<\/span><\/strong><span class=\"a_GcMg font-feature-liga-off font-feature-clig-off font-feature-calt-off text-decoration-none text-strikethrough-none\"> qui aura lieu le 13 d\u00e9cembre \u00e0 12h au r\u00e9fectoire de l\u2019\u00e9cole. Ce sera le cuisinier de nos enfants qui r\u00e9alisera les mets. Nous attendons tous de voir les surprises qui contribueront \u00e0 la gaiet\u00e9 de ce repas.<\/span><\/p>\n<p class=\"cvGsUA direction-ltr align-justify para-style-body\"><span class=\"a_GcMg font-feature-liga-off font-feature-clig-off font-feature-calt-off text-decoration-none text-strikethrough-none\">Je vous souhaite de tr\u00e8s bonnes f\u00eates de No\u00ebl et vous dis \u00e0 l\u2019ann\u00e9e prochaine.<\/span><\/p>\n<p><a href=\"https:\/\/saintpierredentremont.org\/savoie\/wp-content\/uploads\/2025\/11\/automne.jpg\"><img loading=\"lazy\" decoding=\"async\" class=\"alignnone size-medium wp-image-20234\" src=\"https:\/\/saintpierredentremont.org\/savoie\/wp-content\/uploads\/2025\/11\/automne-300x225.jpg\" alt=\"\" width=\"300\" height=\"225\" srcset=\"https:\/\/saintpierredentremont.org\/savoie\/wp-content\/uploads\/2025\/11\/automne-300x225.jpg 300w, https:\/\/saintpierredentremont.org\/savoie\/wp-content\/uploads\/2025\/11\/automne-768x576.jpg 768w, https:\/\/saintpierredentremont.org\/savoie\/wp-content\/uploads\/2025\/11\/automne.jpg 1024w\" sizes=\"auto, (max-width: 300px) 100vw, 300px\" \/><\/a><\/p>\n<hr \/>\n<p>Mot du Maire septembre-octobre<\/p>\n<p class=\"cvGsUA direction-ltr align-justify para-style-body\"><span class=\"a_GcMg font-feature-liga-off font-feature-clig-off font-feature-calt-off text-decoration-none text-strikethrough-none\">C\u2019est d\u00e9j\u00e0 <\/span><span class=\"a_GcMg font-feature-liga-off font-feature-clig-off font-feature-calt-off text-decoration-none text-strikethrough-none\">la rentr\u00e9e<\/span><span class=\"a_GcMg font-feature-liga-off font-feature-clig-off font-feature-calt-off text-decoration-none text-strikethrough-none\">, avec tout ce qu\u2019il y a \u00e0 organiser, mais avant de voir les dates importantes \u00e0 venir, je vous propose un rapide retour en arri\u00e8re. L\u2019<\/span><span class=\"a_GcMg font-feature-liga-off font-feature-clig-off font-feature-calt-off text-decoration-none text-strikethrough-none\">exposition \u00ab La source Germaine \u00bb<\/span><span class=\"a_GcMg font-feature-liga-off font-feature-clig-off font-feature-calt-off text-decoration-none text-strikethrough-none\"> est un v\u00e9ritable succ\u00e8s qui a \u00e9t\u00e9 appr\u00e9ci\u00e9 tant des habitants que des touristes.<\/span><\/p>\n<p class=\"cvGsUA direction-ltr align-justify para-style-body\"><span class=\"a_GcMg font-feature-liga-off font-feature-clig-off font-feature-calt-off text-decoration-none text-strikethrough-none\">Nous avions mis en place une<\/span><span class=\"a_GcMg font-feature-liga-off font-feature-clig-off font-feature-calt-off text-decoration-none text-strikethrough-none\"> zone bleue<\/span><span class=\"a_GcMg font-feature-liga-off font-feature-clig-off font-feature-calt-off text-decoration-none text-strikethrough-none\"> pour des stationnements d\u2019une heure maximum. Malgr\u00e9 le marquage au sol, j\u2019ai d\u00fb plusieurs fois demand\u00e9 aux randonneurs de changer de parking. Mais globalement cela a l\u2019air de fonctionner, car le parking de l\u2019\u00e9cole a \u00e9t\u00e9 beaucoup plus utilis\u00e9.<\/span><\/p>\n<p class=\"cvGsUA direction-ltr align-justify para-style-body\"><span class=\"a_GcMg font-feature-liga-off font-feature-clig-off font-feature-calt-off text-decoration-none text-strikethrough-none\">Nous avons accueilli pendant 3 jours en juillet, <\/span><span class=\"a_GcMg font-feature-liga-off font-feature-clig-off font-feature-calt-off text-decoration-none text-strikethrough-none\">12 jeunes de la Communaut\u00e9 de Communes C\u0153ur de Chartreuse<\/span><span class=\"a_GcMg font-feature-liga-off font-feature-clig-off font-feature-calt-off text-decoration-none text-strikethrough-none\"> qui ont travaill\u00e9 sur nos sentiers et sur le d\u00e9sherbage du cimeti\u00e8re. Ces chantiers, organis\u00e9s par la CCCC, sont encadr\u00e9s par le PAGE et l\u2019AADEC. Cela permet aux jeunes de gagner un peu d\u2019argent, de mieux connaitre le territoire et d\u2019apporter un peu d\u2019aide aux communes. Bravo \u00e0 eux !<\/span><\/p>\n<p class=\"cvGsUA direction-ltr align-justify para-style-body\"><span class=\"a_GcMg font-feature-liga-off font-feature-clig-off font-feature-calt-off text-decoration-none text-strikethrough-none\">L\u2019\u00e9t\u00e9 fut compliqu\u00e9 pour les<\/span><span class=\"a_GcMg font-feature-liga-off font-feature-clig-off font-feature-calt-off text-decoration-none text-strikethrough-none\"> agriculteurs<\/span><span class=\"a_GcMg font-feature-liga-off font-feature-clig-off font-feature-calt-off text-decoration-none text-strikethrough-none\"> qui ont subi les contraintes sanitaires li\u00e9es \u00e0 la Dermatose Nodulaire Contagieuse. Aucun bovin sur la Communaut\u00e9 de Communes n\u2019a \u00e9t\u00e9 touch\u00e9 et l\u2019\u00e9pid\u00e9mie est en passe d\u2019\u00eatre neutralis\u00e9e sur la Savoie.<\/span><\/p>\n<p class=\"cvGsUA direction-ltr align-justify para-style-body\"><span class=\"a_GcMg font-feature-liga-off font-feature-clig-off font-feature-calt-off text-decoration-none text-strikethrough-none\">Toujours sur le th\u00e8me de l\u2019agriculture, vous trouverez sur notre site internet un article sur la <\/span><span class=\"a_GcMg font-feature-liga-off font-feature-clig-off font-feature-calt-off text-decoration-none text-strikethrough-none\">r\u00e9organisation de la coop\u00e9rative fromag\u00e8re des Entremonts<\/span><span class=\"a_GcMg font-feature-liga-off font-feature-clig-off font-feature-calt-off text-decoration-none text-strikethrough-none\"> qui a cr\u00e9\u00e9 un partenariat avec la coop\u00e9rative de Yenne afin de p\u00e9renniser ce bel outil de valorisation de nos productions laiti\u00e8res.<\/span><\/p>\n<p class=\"cvGsUA direction-ltr align-justify para-style-body\"><span class=\"a_GcMg font-feature-liga-off font-feature-clig-off font-feature-calt-off text-decoration-none text-strikethrough-none\">Toujours sur ce th\u00e8me, le dimanche 26 octobre, \u00e0 la salle Notre-Dame, aura lieu un \u00e9v\u00e9nement sur le foncier agricole : \u00e0 17h00 une conf\u00e9rence spectacle de 1h30,<\/span><span class=\"a_GcMg font-feature-liga-off font-feature-clig-off font-feature-calt-off text-decoration-none text-strikethrough-none\"> \u00ab Larzac ! \u00bb<\/span><span class=\"a_GcMg font-feature-liga-off font-feature-clig-off font-feature-calt-off text-decoration-none text-strikethrough-none\"> de et avec Philippe Durand, sera suivie d\u2019un d\u00e9bat sur le Larzac puis d\u2019un film documentaire de 30 minutes, \u00ab Graines \u00bb, sur l\u2019agriculture en Chartreuse. Il s\u2019ensuivra un d\u00e9bat sur les enjeux de l\u2019agriculture et notre r\u00f4le en tant que citoyen. Venez nombreux, le film est magnifique et le spectacle, bien que sur un sujet pas facile est tr\u00e8s accessible, agr\u00e9able et int\u00e9ressant.<\/span><\/p>\n<p class=\"cvGsUA direction-ltr align-justify para-style-body\"><span class=\"a_GcMg font-feature-liga-off font-feature-clig-off font-feature-calt-off text-decoration-none text-strikethrough-none\">Concernant les <\/span><span class=\"a_GcMg font-feature-liga-off font-feature-clig-off font-feature-calt-off text-decoration-none text-strikethrough-none\">travaux de l\u2019ancienne \u00e9cole<\/span><span class=\"a_GcMg font-feature-liga-off font-feature-clig-off font-feature-calt-off text-decoration-none text-strikethrough-none\">, les entreprises pour chaque poste ont \u00e9t\u00e9 choisies.<\/span><\/p>\n<p class=\"cvGsUA direction-ltr align-justify para-style-body\"><span class=\"a_GcMg font-feature-liga-off font-feature-clig-off font-feature-calt-off text-decoration-none text-strikethrough-none\">La rentr\u00e9e, c\u2019est une nouvelle ann\u00e9e qui commence pour <\/span><span class=\"a_GcMg font-feature-liga-off font-feature-clig-off font-feature-calt-off text-decoration-none text-strikethrough-none\">nos \u00e9coliers<\/span><span class=\"a_GcMg font-feature-liga-off font-feature-clig-off font-feature-calt-off text-decoration-none text-strikethrough-none\">. Ils seront 87 cette ann\u00e9e. Nos effectifs continuent de se maintenir. Nous leur souhaitons une belle rentr\u00e9e scolaire.<\/span><\/p>\n<p class=\"cvGsUA direction-ltr align-justify para-style-body\"><span class=\"a_GcMg font-feature-liga-off font-feature-clig-off font-feature-calt-off text-decoration-none text-strikethrough-none\">Comme souvent, je profite du \u00ab Mot du maire \u00bb pour signaler quelques rendez-vous dont vous pouvez retrouver la pr\u00e9sentation et le programme sur notre site :<\/span><\/p>\n<p class=\"cvGsUA direction-ltr align-justify para-style-body\"><span class=\"a_GcMg font-feature-liga-off font-feature-clig-off font-feature-calt-off text-decoration-none text-strikethrough-none\">-le 31 ao\u00fbt, de 9h30 \u00e0 17h00,<\/span><span class=\"a_GcMg font-feature-liga-off font-feature-clig-off font-feature-calt-off text-decoration-none text-strikethrough-none\"> \u00ab En pirogue sur le Cozon \u00bb<\/span><span class=\"a_GcMg font-feature-liga-off font-feature-clig-off font-feature-calt-off text-decoration-none text-strikethrough-none\">, f\u00eate au village (repas africain \u00e0 12h30 \u00e0 la maison Hermesende) ;<\/span><\/p>\n<p class=\"cvGsUA direction-ltr align-justify para-style-body\"><span class=\"a_GcMg font-feature-liga-off font-feature-clig-off font-feature-calt-off text-decoration-none text-strikethrough-none\">-le 6 septembre, le <\/span><span class=\"a_GcMg font-feature-liga-off font-feature-clig-off font-feature-calt-off text-decoration-none text-strikethrough-none\">\u00ab Forum des associations \u00bb<\/span><span class=\"a_GcMg font-feature-liga-off font-feature-clig-off font-feature-calt-off text-decoration-none text-strikethrough-none\"> de 9h00 \u00e0 12h00, dans la cour de l\u2019\u00e9cole ;<\/span><\/p>\n<p class=\"cvGsUA direction-ltr align-justify para-style-body\"><span class=\"a_GcMg font-feature-liga-off font-feature-clig-off font-feature-calt-off text-decoration-none text-strikethrough-none\">-le 20 septembre, \u00e0 10h00, devant la mairie, <\/span><span class=\"a_GcMg font-feature-liga-off font-feature-clig-off font-feature-calt-off text-decoration-none text-strikethrough-none\">Inauguration de la travers\u00e9e du bourg<\/span><span class=\"a_GcMg font-feature-liga-off font-feature-clig-off font-feature-calt-off text-decoration-none text-strikethrough-none\">. J\u2019invite tous les habitants \u00e0 venir assister \u00e0 cet \u00e9v\u00e8nement. Bien entendu, un bourg \u00e9volue tout le temps, et des \u00e9volutions se feront encore, mais cette inauguration est le moment de faire le point et de marquer tout ce qui a \u00e9t\u00e9 accompli ;<\/span><\/p>\n<p class=\"cvGsUA direction-ltr align-justify para-style-body\"><span class=\"a_GcMg font-feature-liga-off font-feature-clig-off font-feature-calt-off text-decoration-none text-strikethrough-none\">-le 21 septembre, <\/span><span class=\"a_GcMg font-feature-liga-off font-feature-clig-off font-feature-calt-off text-decoration-none text-strikethrough-none\">\u00ab Journ\u00e9e du Patrimoine \u00bb<\/span><span class=\"a_GcMg font-feature-liga-off font-feature-clig-off font-feature-calt-off text-decoration-none text-strikethrough-none\"> avec notamment la fin de la fabrication de la croix qui sera mont\u00e9e sur la croix de mission ;<\/span><\/p>\n<p class=\"cvGsUA direction-ltr align-justify para-style-body\"><span class=\"a_GcMg font-feature-liga-off font-feature-clig-off font-feature-calt-off text-decoration-none text-strikethrough-none\">-le 27 septembre, de 14h00 \u00e0 minuit, le tout nouveau festival <\/span><span class=\"a_GcMg font-feature-liga-off font-feature-clig-off font-feature-calt-off text-decoration-none text-strikethrough-none\">\u00ab Le Son des Cols \u00bb<\/span><span class=\"a_GcMg font-feature-liga-off font-feature-clig-off font-feature-calt-off text-decoration-none text-strikethrough-none\">, \u00e0 la salle Notre-Dame, avec des ateliers musique et des concerts ;<\/span><\/p>\n<p class=\"cvGsUA direction-ltr align-justify para-style-body\"><span class=\"a_GcMg font-feature-liga-off font-feature-clig-off font-feature-calt-off text-decoration-none text-strikethrough-none\">-le 3 octobre, \u00e0 Corbel, toute l\u2019apr\u00e8s-midi, se tiendra le 2e atelier <\/span><span class=\"a_GcMg font-feature-liga-off font-feature-clig-off font-feature-calt-off text-decoration-none text-strikethrough-none\">\u00ab Silhouettes villageoises \u00bb<\/span><span class=\"a_GcMg font-feature-liga-off font-feature-clig-off font-feature-calt-off text-decoration-none text-strikethrough-none\">. Vous trouverez sur le site internet, un article qui explique le principe de l\u2019atelier \u00e0 savoir comment mieux concilier le maintien d&rsquo;un cadre de vie agr\u00e9able et les objectifs de la transition \u00e9cologique.<\/span><\/p>\n<p class=\"cvGsUA direction-ltr align-justify para-style-body\"><span class=\"a_GcMg font-feature-liga-off font-feature-clig-off font-feature-calt-off text-decoration-none text-strikethrough-none\">Je termine enfin par de sinc\u00e8res remerciements \u00e0 Jean-Jacques<\/span> <span class=\"a_GcMg font-feature-liga-off font-feature-clig-off font-feature-calt-off text-decoration-none text-strikethrough-none\">Tardy qui a assur\u00e9 pendant de tr\u00e8s nombreuses ann\u00e9es les <\/span><span class=\"a_GcMg font-feature-liga-off font-feature-clig-off font-feature-calt-off text-decoration-none text-strikethrough-none\">transports scolaires<\/span><span class=\"a_GcMg font-feature-liga-off font-feature-clig-off font-feature-calt-off text-decoration-none text-strikethrough-none\"> sur notre commune. Malgr\u00e9 lui, il a malheureusement \u00e9t\u00e9 contraint d\u2019arr\u00eater. Je lui souhaite plein de r\u00e9ussite dans ses nouvelles activit\u00e9s.<\/span><\/p>\n<p>&nbsp;<\/p>\n<hr \/>\n<p>Mot du Maire juillet-ao\u00fbt<\/p>\n<p>Je commencerai ce mot du maire des mois de juillet-ao\u00fbt en vous annon\u00e7ant le d\u00e9part de St\u00e9phanie Minet, secr\u00e9taire en charge de l\u2019urbanisme, de l\u2019\u00e9tat civil, du cimeti\u00e8re et de l\u2019assainissement. Elle a beaucoup apport\u00e9 par ses connaissances, son analyse, sa r\u00e9activit\u00e9, son \u00e9coute et son accueil chaleureux. Je lui souhaite beaucoup de r\u00e9ussite pour la suite. Elle est remplac\u00e9e par Marion Loridan qui aura exactement les m\u00eames t\u00e2ches. Qu\u2019elle soit bienvenue dans notre commune et notre belle \u00e9quipe.<\/p>\n<\/div>\n<div>\n<p>Je continue par une tr\u00e8s bonne nouvelle, Juliette Libeyre a \u00e9t\u00e9 nomm\u00e9e directrice de l\u2019\u00e9cole. Elle n\u2019\u00e9tait que directrice par int\u00e9rim jusqu\u2019\u00e0 maintenant. Avec toute son \u00e9quipe, elle fait du tr\u00e8s bon travail, les enfants vont de projets en projets, plus int\u00e9ressants les uns que les autres.<\/p>\n<\/div>\n<div>\n<p>Passons maintenant aux sujets de fonds. Les appels d\u2019offres pour la r\u00e9paration de l\u2019EMA n\u2019ont pas encore pu \u00eatre lanc\u00e9s. Si tous les assureurs mis en cause ont bien sign\u00e9 le protocole d\u2019accord, l\u2019un d\u2019eux n\u2019a toujours pas vers\u00e9 son indemnit\u00e9, malgr\u00e9 les relances. D\u00e8s ce dernier pas franchi, les march\u00e9s pourront \u00eatre publi\u00e9s. La consultation pourrait se faire en ao\u00fbt et septembre avec une phase de travaux qui pourrait commencer en novembre. Les travaux pourraient durer de 3 \u00e0 4 mois. C\u2019est bien dommage de ne pas avoir r\u00e9ussi une ouverture en septembre 2025 mais nous voyons enfin le bout du tunnel.<\/p>\n<\/div>\n<div>\n<p>Un gros travail a \u00e9t\u00e9 r\u00e9alis\u00e9 entre la Communaut\u00e9 de Communes C\u0153ur de Chartreuse et les communes pour le transfert de comp\u00e9tence de l\u2019assainissement qui devait l\u00e9galement se faire au 1<sup>er<\/sup> janvier 2026. La modification tr\u00e8s tardive de cette loi a donn\u00e9 le droit aux communes de choisir de garder cette comp\u00e9tence aux Communaut\u00e9s de Communes. La majorit\u00e9 des 17 communes de la Communaut\u00e9 de Communes C\u0153ur de Chartreuse ont pr\u00e9f\u00e9r\u00e9 ne pas la transf\u00e9rer. La commune de Saint-Pierre d\u2019Entremont continue donc de g\u00e9rer les r\u00e9seaux d\u2019assainissement, les deux stations d\u2019\u00e9puration (STEP) et les deux fosses toutes eaux des Curiets et des Clarets. Nous \u00e9tudions toutefois la possibilit\u00e9 d\u2019am\u00e9liorer rapidement la STEP des Buis tant sur le plan technique que sur sa gestion. Bien que dans les normes sur ses rejets, elle pr\u00e9sente un certain nombre de probl\u00e8mes de vieillissement pr\u00e9matur\u00e9 qui pourraient \u00e0 court terme engendrer de lourdes charges.<\/p>\n<\/div>\n<div>\n<p>Je souhaitais aussi reparler des v\u00e9los \u00e9lectriques solidaires. Toutes les personnes \u00e0 faible revenu peuvent b\u00e9n\u00e9ficier d\u2019une location \u00e0 faible co\u00fbt d\u2019un v\u00e9lo \u00e0 assistance \u00e9lectrique. La tarification a \u00e9volu\u00e9. Le prix de location a fortement diminu\u00e9. Tout cela est expliqu\u00e9 dans un article d\u00e9di\u00e9 sur notre site.<\/p>\n<\/div>\n<div>\n<p>Vous trouverez aussi sur notre site internet un article sur le logement et sur la biodiversit\u00e9. J\u2019en profite pour rappeler qu\u2019une \u00e9tude sur les zones humides d\u2019altitude est port\u00e9e par le Syndicat Interd\u00e9partemental d&rsquo;Am\u00e9nagement du Guiers et ses Affluents (SIAGA) en partenariat avec les Espaces Naturels Sensibles (mai \u00e0 ao\u00fbt). Il est possible que leurs agents traversent vos propri\u00e9t\u00e9s, je vous demande d\u2019\u00eatre indulgent.<\/p>\n<\/div>\n<div>\n<p>Petite info concernant le point tri derri\u00e8re l\u2019EMA. La benne carton est tr\u00e8s utilis\u00e9e, le secr\u00e9tariat informe la Communaut\u00e9 de Communes C\u0153ur de Chartreuse d\u00e8s qu\u2019elle est pleine pour la faire vider mais trop peu de cartons sont pli\u00e9s et les aller-retours de camions sont trop fr\u00e9quents. Je vous demande d\u2019\u00e9craser les cartons pour espacer au maximum l\u2019enl\u00e8vement de la benne. Merci de cet effort collectif mais qui nous fait faire des \u00e9conomies.<\/p>\n<\/div>\n<div>\n<p>Concernant les probl\u00e8mes de parking dans tout le village, les deux Saint-Pierre d\u2019Entremont en accord avec les commer\u00e7ants vont passer des places de parking de zone blanche \u00e0 zone bleue 1h. Cela concernera 8 places devant la mairie Savoie. L\u2019objectif est toujours d\u2019inciter les randonneurs et les gens faisant la via ferrata \u00e0 se garer \u00e0 l\u2019\u00e9cole.<\/p>\n<\/div>\n<div>\n<p>Le vendredi 1er ao\u00fbt, la route RD912 sera ferm\u00e9e de 14h00 \u00e0 17h00 pour permettre le passage du Tour de France F\u00e9minin.<\/p>\n<\/div>\n<div>\n<p>La mairie s\u2019\u00e9quipe de la plateforme de Illwap. A partir du 1er ao\u00fbt vous serez inform\u00e9s de la proc\u00e9dure d\u2019inscription pour b\u00e9n\u00e9ficier d\u2019informations courtes et pr\u00e9cises sur la commune.<\/p>\n<\/div>\n<div>\n<p>Je finis par quelques dates. Tout l\u2019\u00e9t\u00e9,du 5 juillet au 22 septembre, vous pourrez profiter d\u2019une exposition sur la \u00ab Source Germaine \u00bb dans l\u2019\u00e9glise Saint-Alexis.<\/p>\n<\/div>\n<div>\n<p>Lundi 28 juillet \u00e0 18h30 aura lieu dans l\u2019\u00e9glise Saint-Alexis un concert de la chorale Eph\u00e9m\u00e8re dirig\u00e9e par Marie Faure l\u2019ancienne directrice de la chorale de Radio France.<\/p>\n<\/div>\n<div>\n<p>Je rappelle aussi que cette ann\u00e9e le feu d\u2019artifice du 14 juillet sera tir\u00e9 de Corbel le 13 juillet.<\/p>\n<\/div>\n<div>\n<p>Je vous souhaite un tr\u00e8s bel \u00e9t\u00e9.<\/p>\n<\/div>\n<\/div>\n<\/div>\n<hr \/>\n<p class=\"cvGsUA direction-ltr align-justify para-style-body\"><span class=\"OYPEnA font-feature-liga-off font-feature-clig-off font-feature-calt-off text-decoration-none text-strikethrough-none\">Ce mot du Maire des mois de mai-juin arrive \u00e0 point pour vous signaler de nombreux \u00e9v\u00e9nements festifs qui vont ponctuer ces deux mois.<\/span><\/p>\n<p class=\"cvGsUA direction-ltr align-justify para-style-body\"><span class=\"OYPEnA font-feature-liga-off font-feature-clig-off font-feature-calt-off text-decoration-none text-strikethrough-none\">Pour les <\/span><strong><span class=\"OYPEnA font-feature-liga-off font-feature-clig-off font-feature-calt-off text-decoration-none text-strikethrough-none\">c\u00e9r\u00e9monies du 8 mai <\/span><\/strong><span class=\"OYPEnA font-feature-liga-off font-feature-clig-off font-feature-calt-off text-decoration-none text-strikethrough-none\">et pour celles du <\/span><strong><span class=\"OYPEnA font-feature-liga-off font-feature-clig-off font-feature-calt-off text-decoration-none text-strikethrough-none\">Maquis de Chartreuse le 7 juin<\/span><\/strong><span class=\"OYPEnA font-feature-liga-off font-feature-clig-off font-feature-calt-off text-decoration-none text-strikethrough-none\">, vous trouverez les pr\u00e9cisions de lieu et d\u2019horaire sur notre site internet.<\/span><\/p>\n<p class=\"cvGsUA direction-ltr align-justify para-style-body\"><span class=\"OYPEnA font-feature-liga-off font-feature-clig-off font-feature-calt-off text-decoration-none text-strikethrough-none\">Le<\/span><strong><span class=\"OYPEnA font-feature-liga-off font-feature-clig-off font-feature-calt-off text-decoration-none text-strikethrough-none\"> samedi 17 mai<\/span><\/strong><span class=\"OYPEnA font-feature-liga-off font-feature-clig-off font-feature-calt-off text-decoration-none text-strikethrough-none\">, nous f\u00eaterons les <\/span><strong><span class=\"OYPEnA font-feature-liga-off font-feature-clig-off font-feature-calt-off text-decoration-none text-strikethrough-none\">40 ans de la Biblioth\u00e8que<\/span><\/strong><span class=\"OYPEnA font-feature-liga-off font-feature-clig-off font-feature-calt-off text-decoration-none text-strikethrough-none\"> et les 10 ans d\u2019utilisation des nouveaux locaux. Venez, grands et petits, \u00e0 la biblioth\u00e8que \u00e0 partir de 10h, il y aura de nombreuses animations !<\/span><\/p>\n<p class=\"cvGsUA direction-ltr align-justify para-style-body\"><span class=\"OYPEnA font-feature-liga-off font-feature-clig-off font-feature-calt-off text-decoration-none text-strikethrough-none\">Le <\/span><strong><span class=\"OYPEnA font-feature-liga-off font-feature-clig-off font-feature-calt-off text-decoration-none text-strikethrough-none\">samedi 14 juin<\/span><\/strong><span class=\"OYPEnA font-feature-liga-off font-feature-clig-off font-feature-calt-off text-decoration-none text-strikethrough-none\"> \u00e0 partir de 10h, une grande f\u00eate se tiendra \u00e0 Saint-Pierre de Chartreuse pour f\u00eater les 30 ans du <\/span><strong><span class=\"OYPEnA font-feature-liga-off font-feature-clig-off font-feature-calt-off text-decoration-none text-strikethrough-none\">Parc Naturel R\u00e9gional de Chartreuse<\/span><\/strong><span class=\"OYPEnA font-feature-liga-off font-feature-clig-off font-feature-calt-off text-decoration-none text-strikethrough-none\"> et l\u2019inauguration du nouveau b\u00e2timent qui accueille ses bureaux ainsi que ceux de l\u2019Office du tourisme. Conf\u00e9rences et animations se d\u00e9rouleront toute la journ\u00e9e.<\/span><\/p>\n<p class=\"cvGsUA direction-ltr align-justify para-style-body\"><span class=\"OYPEnA font-feature-liga-off font-feature-clig-off font-feature-calt-off text-decoration-none text-strikethrough-none\">La <\/span><strong><span class=\"OYPEnA font-feature-liga-off font-feature-clig-off font-feature-calt-off text-decoration-none text-strikethrough-none\">f\u00eate de la musique<\/span><\/strong><span class=\"OYPEnA font-feature-liga-off font-feature-clig-off font-feature-calt-off text-decoration-none text-strikethrough-none\"> aura lieu <\/span><span class=\"OYPEnA font-feature-liga-off font-feature-clig-off font-feature-calt-off text-decoration-none text-strikethrough-none\">le <strong>vendredi 20 et le samedi 21 juin<\/strong><\/span><span class=\"OYPEnA font-feature-liga-off font-feature-clig-off font-feature-calt-off text-decoration-none text-strikethrough-none\"> avec un programme riche mettant en avant la chorale et plusieurs artistes.<\/span><\/p>\n<p class=\"cvGsUA direction-ltr align-justify para-style-body\"><span class=\"OYPEnA font-feature-liga-off font-feature-clig-off font-feature-calt-off text-decoration-none text-strikethrough-none\">La<\/span><strong><span class=\"OYPEnA font-feature-liga-off font-feature-clig-off font-feature-calt-off text-decoration-none text-strikethrough-none\"> f\u00eate du tennis<\/span><\/strong><span class=\"OYPEnA font-feature-liga-off font-feature-clig-off font-feature-calt-off text-decoration-none text-strikethrough-none\"> se d\u00e9roulera les <\/span><strong><span class=\"OYPEnA font-feature-liga-off font-feature-clig-off font-feature-calt-off text-decoration-none text-strikethrough-none\">samedi 21 et dimanche 22 juin<\/span><\/strong><span class=\"OYPEnA font-feature-liga-off font-feature-clig-off font-feature-calt-off text-decoration-none text-strikethrough-none\">.<\/span><\/p>\n<p class=\"cvGsUA direction-ltr align-justify para-style-body\"><span class=\"OYPEnA font-feature-liga-off font-feature-clig-off font-feature-calt-off text-decoration-none text-strikethrough-none\">Le <\/span><strong><span class=\"OYPEnA font-feature-liga-off font-feature-clig-off font-feature-calt-off text-decoration-none text-strikethrough-none\">vendredi 27 juin<\/span><\/strong><span class=\"OYPEnA font-feature-liga-off font-feature-clig-off font-feature-calt-off text-decoration-none text-strikethrough-none\"> se jouera la pi\u00e8ce de th\u00e9\u00e2tre<\/span><strong><span class=\"OYPEnA font-feature-liga-off font-feature-clig-off font-feature-calt-off text-decoration-none text-strikethrough-none\"> \u00ab Le Pr\u00e9nom \u00bb<\/span><\/strong><span class=\"OYPEnA font-feature-liga-off font-feature-clig-off font-feature-calt-off text-decoration-none text-strikethrough-none\"> \u00e0 la salle Notre Dame. Ne manquez pas cette repr\u00e9sentation qui est hors programmation annuelle.<\/span><\/p>\n<p class=\"cvGsUA direction-ltr align-justify para-style-body\"><span class=\"OYPEnA font-feature-liga-off font-feature-clig-off font-feature-calt-off text-decoration-none text-strikethrough-none\">D\u2019autres \u00e9v\u00e9nements auront lieu pendant cette p\u00e9riode, notamment la<\/span><strong><span class=\"OYPEnA font-feature-liga-off font-feature-clig-off font-feature-calt-off text-decoration-none text-strikethrough-none\"> f\u00eate de l\u2019inclusion<\/span><\/strong><span class=\"OYPEnA font-feature-liga-off font-feature-clig-off font-feature-calt-off text-decoration-none text-strikethrough-none\">. Vous retrouverez toutes les informations sur le site internet de la commune.<\/span><\/p>\n<p class=\"cvGsUA direction-ltr align-justify para-style-body\"><span class=\"OYPEnA font-feature-liga-off font-feature-clig-off font-feature-calt-off text-decoration-none text-strikethrough-none\">Voil\u00e0 pour ces \u00e9v\u00e9nements de mai et juin. Maintenant, j\u2019ai diff\u00e9rentes informations que je souhaite partager avec vous. La premi\u00e8re concerne <\/span><strong><span class=\"OYPEnA font-feature-liga-off font-feature-clig-off font-feature-calt-off text-decoration-none text-strikethrough-none\">l\u2019\u00e9cole<\/span><\/strong><span class=\"OYPEnA font-feature-liga-off font-feature-clig-off font-feature-calt-off text-decoration-none text-strikethrough-none\">. Les r\u00e9sultats de l\u2019\u00e9valuation faite dans l\u2019acad\u00e9mie, le \u00ab Parcours de l\u2019\u00e9l\u00e8ve \u00bb, montre que le niveau des \u00e9l\u00e8ves de notre \u00e9cole, en fran\u00e7ais et en math\u00e9matiques, est bien au-dessus de la moyenne d\u00e9partementale. De plus les retours des coll\u00e8ges o\u00f9 sont entr\u00e9s les \u00e9l\u00e8ves de Saint-Pierre d\u2019Entremont sont eux aussi excellents. Ces bons r\u00e9sultats sont certainement le reflet de nombreux facteurs, un milieu familial attentif, un enseignement de qualit\u00e9, une infrastructure scolaire agr\u00e9able etc\u2026Je profite de ces r\u00e9sultats pour f\u00e9liciter les enseignantes, les ATSEM et tout le personnel p\u00e9riscolaire pour ce tr\u00e8s beau travail.<\/span><\/p>\n<p class=\"cvGsUA direction-ltr align-justify para-style-body\"><span class=\"OYPEnA font-feature-liga-off font-feature-clig-off font-feature-calt-off text-decoration-none text-strikethrough-none\">Quatre jeunes \u00e0 la <\/span><strong><span class=\"OYPEnA font-feature-liga-off font-feature-clig-off font-feature-calt-off text-decoration-none text-strikethrough-none\">recherche d\u2019un logement <\/span><\/strong><span class=\"OYPEnA font-feature-liga-off font-feature-clig-off font-feature-calt-off text-decoration-none text-strikethrough-none\">se sont rapproch\u00e9s de la mairie et nous proposent de nous associer \u00e0 eux. Ils souhaitent sensibiliser les propri\u00e9taires de biens immobiliers \u00e0 proposer des appartements en location. Nous relaierons leur lettre <\/span><span class=\"OYPEnA font-feature-liga-off font-feature-clig-off font-feature-calt-off text-decoration-none text-strikethrough-none\">via<\/span><span class=\"OYPEnA font-feature-liga-off font-feature-clig-off font-feature-calt-off text-decoration-none text-strikethrough-none\"> notre site internet. Suivra sur le site de la commune un article d\u00e9taill\u00e9 sur la question du logement dans la commune, sur ce que mettent en place la mairie et la Communaut\u00e9 de Communes et qu\u2019il faudrait compl\u00e9ter par des actions priv\u00e9es. Du c\u00f4t\u00e9 de la mairie, les quatre logements pr\u00e9vus dans le b\u00e2timent r\u00e9nov\u00e9 de l\u2019ancienne \u00e9cole seront mis en location \u00e0 partir de d\u00e9cembre 2026 ou janvier 2027. La construction d\u2019autres logements est \u00e0 l\u2019\u00e9tude, en lien avec les \u00ab Orientations d\u2019Am\u00e9nagement et de Programmation \u00bb li\u00e9es au Plan Local d\u2019Urbanisme ; mais je vous laisserai lire l\u2019article qui sera accessible sur notre site internet avant la fin du mois de mai.<\/span> <span class=\"OYPEnA font-feature-liga-off font-feature-clig-off font-feature-calt-off text-decoration-none text-strikethrough-none\">C\u2019est trop technique pour \u00eatre pr\u00e9sent\u00e9 ici en quelques lignes.<\/span><\/p>\n<p class=\"cvGsUA direction-ltr align-justify para-style-body\"><span class=\"OYPEnA font-feature-liga-off font-feature-clig-off font-feature-calt-off text-decoration-none text-strikethrough-none\">Ce mot du Maire me fournit l\u2019occasion aussi de rappeler que notre commune est actionnaire de Buxia Energie et que cette soci\u00e9t\u00e9 propose des groupements de commande de <\/span><strong><span class=\"OYPEnA font-feature-liga-off font-feature-clig-off font-feature-calt-off text-decoration-none text-strikethrough-none\">granul\u00e9s de bois<\/span><\/strong><span class=\"OYPEnA font-feature-liga-off font-feature-clig-off font-feature-calt-off text-decoration-none text-strikethrough-none\">. On peut ainsi obtenir des granul\u00e9s, en vrac ou en sac, \u00e0 des prix tr\u00e8s avantageux. Toutes les coordonn\u00e9es sont sur notre site internet, et sachez qu\u2019il n\u2019est pas encore trop tard pour les livraisons de cette ann\u00e9e.<\/span><\/p>\n<p class=\"cvGsUA direction-ltr align-justify para-style-body\"><span class=\"OYPEnA font-feature-liga-off font-feature-clig-off font-feature-calt-off text-decoration-none text-strikethrough-none\">Je souhaite enfin mettre en avant un rapport qui renseigne sur la qualit\u00e9 de <\/span><strong><span class=\"OYPEnA font-feature-liga-off font-feature-clig-off font-feature-calt-off text-decoration-none text-strikethrough-none\">nos rivi\u00e8res<\/span><\/strong><span class=\"OYPEnA font-feature-liga-off font-feature-clig-off font-feature-calt-off text-decoration-none text-strikethrough-none\"> et r\u00e9pond \u00e0 la question :<\/span><\/p>\n<p class=\"cvGsUA direction-ltr align-start para-style-body\"><span class=\"OYPEnA font-feature-liga-off font-feature-clig-off font-feature-calt-off text-decoration-none text-strikethrough-none\">\u00ab \u00e0 quoi sert la fiscalit\u00e9 sur l\u2019eau ?\u00bb. Il est accessible sur notre site internet.<\/span><\/p>\n<hr \/>\n<p>Mot du maire de mars-avril<\/p>\n<p class=\"cvGsUA direction-ltr align-justify para-style-body\"><span class=\"OYPEnA font-feature-liga-off font-feature-clig-off font-feature-calt-off text-decoration-none text-strikethrough-none\">Ce nouveau mot du Maire arrive pour le d\u00e9but des vacances de f\u00e9vrier, avec toujours aussi peu de neige ! Mais la douceur du temps a \u00e9t\u00e9 bien agr\u00e9able pour beaucoup de personnes ! Ce mois-ci les informations sont tr\u00e8s diverses.<\/span><\/p>\n<p class=\"cvGsUA direction-ltr align-justify para-style-body\"><span class=\"OYPEnA font-feature-liga-off font-feature-clig-off font-feature-calt-off text-decoration-none text-strikethrough-none\">La premi\u00e8re information d\u2019importance concerne l\u2019<\/span><span class=\"OYPEnA font-feature-liga-off font-feature-clig-off font-feature-calt-off text-decoration-none text-strikethrough-none\"><strong>inauguration de la travers\u00e9e du bourg<\/strong>,<\/span><span class=\"OYPEnA font-feature-liga-off font-feature-clig-off font-feature-calt-off text-decoration-none text-strikethrough-none\"> qui se fera le samedi 20 septembre 2025 ; nous avons d\u00fb renoncer \u00e0 la date du 21 juin donn\u00e9e dans le dernier compte-rendu du Conseil Municipal de janvier.<\/span><\/p>\n<p class=\"cvGsUA direction-ltr align-justify para-style-body\"><span class=\"OYPEnA font-feature-liga-off font-feature-clig-off font-feature-calt-off text-decoration-none text-strikethrough-none\">Lors des v\u0153ux du Maire, l\u2019installation d\u2019un <\/span><strong><span class=\"OYPEnA font-feature-liga-off font-feature-clig-off font-feature-calt-off text-decoration-none text-strikethrough-none\">abri-bus<\/span><\/strong><span class=\"OYPEnA font-feature-liga-off font-feature-clig-off font-feature-calt-off text-decoration-none text-strikethrough-none\"> \u00e0 l\u2019entr\u00e9e du village a \u00e9t\u00e9 annonc\u00e9e : il sera mis en place prochainement ainsi que la croix de mission qui est en cours de restauration. Je remercie l\u2019association \u00ab Patrimoine et h\u00e9ritage de nos villages \u00bb qui, gentiment, a accept\u00e9 de travailler b\u00e9n\u00e9volement pour remettre en \u00e9tat cet \u00e9l\u00e9ment important du patrimoine de notre commune. Il y faudra beaucoup d\u2019heures de travail. La Mairie pourra acheter du mat\u00e9riel si besoin ou financer un travail qui n\u00e9cessiterait une comp\u00e9tence que les membres de l\u2019association n\u2019auraient pas, malgr\u00e9 le vrai savoir-faire qu\u2019ils ont et dans des domaines divers. Merci encore \u00e0 cette association, car elle permet une vraie \u00e9conomie dans les finances de la collectivit\u00e9.<\/span><\/p>\n<p class=\"cvGsUA direction-ltr align-justify para-style-body\"><span class=\"OYPEnA font-feature-liga-off font-feature-clig-off font-feature-calt-off text-decoration-none text-strikethrough-none\">Puisque nous sommes sur le th\u00e8me du patrimoine, j\u2019annonce la sortie prochaine d\u2019un livre \u00ab <\/span><strong><span class=\"OYPEnA font-feature-liga-off font-feature-clig-off font-feature-calt-off text-decoration-none text-strikethrough-none\">Le lait en Chartreuse\u2026de quoi en faire un fromage <\/span><\/strong><span class=\"OYPEnA font-feature-liga-off font-feature-clig-off font-feature-calt-off text-decoration-none text-strikethrough-none\">\u00bb r\u00e9alis\u00e9 par l\u2019association la Vertevelle et \u00e9crit par Martine Galiano. Il s\u2019agit d\u2019un ouvrage de r\u00e9f\u00e9rence sur l\u2019histoire de la fabrication du fromage en Chartreuse.Il sera pr\u00e9sent\u00e9 en avant premi\u00e8re lors de la <\/span><strong><span class=\"OYPEnA font-feature-liga-off font-feature-clig-off font-feature-calt-off text-decoration-none text-strikethrough-none\">f\u00eate du fromage <\/span><\/strong><span class=\"OYPEnA font-feature-liga-off font-feature-clig-off font-feature-calt-off text-decoration-none text-strikethrough-none\">le dimanche 23 mars \u00e0 St Laurent du Pont.<\/span><\/p>\n<p class=\"cvGsUA direction-ltr align-justify para-style-body\"><span class=\"OYPEnA font-feature-liga-off font-feature-clig-off font-feature-calt-off text-decoration-none text-strikethrough-none\">Je rappelle que la campagne de <\/span><strong><span class=\"OYPEnA font-feature-liga-off font-feature-clig-off font-feature-calt-off text-decoration-none text-strikethrough-none\">pi\u00e9geage<\/span><\/strong><span class=\"OYPEnA font-feature-liga-off font-feature-clig-off font-feature-calt-off text-decoration-none text-strikethrough-none\"> de printemps des frelons asiatiques (ou \u00e0 pattes jaunes) se pr\u00e9pare. Vous pouvez aller \u00e0 la Maison France Services pour prendre votre pi\u00e8ge (une fois que vous aurez choisi son emplacement) et vous d\u00e9clarer sur le site f<\/span><a class=\"OYPEnA font-feature-liga-off font-feature-clig-off font-feature-calt-off text-decoration-underline text-strikethrough-none\" draggable=\"false\" href=\"http:\/\/freelon.fr\" target=\"_blank\" rel=\"noopener\">reelons.fr<\/a><span class=\"OYPEnA font-feature-liga-off font-feature-clig-off font-feature-calt-off text-decoration-none text-strikethrough-none\">. Toutes les communes de la vall\u00e9e ont particip\u00e9 \u00e0 l\u2019achat de pi\u00e8ges s\u00e9lectifs. La marche \u00e0 suivre est bien d\u00e9crite sur le site internet.<\/span><\/p>\n<p class=\"cvGsUA direction-ltr align-justify para-style-body\"><span class=\"OYPEnA font-feature-liga-off font-feature-clig-off font-feature-calt-off text-decoration-none text-strikethrough-none\">Nous travaillons avec la Communaut\u00e9 de Communes sur la r\u00e9alisation d\u2019un <\/span><strong><span class=\"OYPEnA font-feature-liga-off font-feature-clig-off font-feature-calt-off text-decoration-none text-strikethrough-none\">Sch\u00e9ma Simplifi\u00e9 des Mobilit\u00e9s<\/span><\/strong><span class=\"OYPEnA font-feature-liga-off font-feature-clig-off font-feature-calt-off text-decoration-none text-strikethrough-none\"> afin de d\u00e9finir des actions \u00e0 d\u00e9velopper sur la Communaut\u00e9 de Communes. Il y a d\u00e9j\u00e0 eu un atelier tous publics, un deuxi\u00e8me aura lieu le 14 avril, le lieu est encore \u00e0 d\u00e9finir. Toutes les informations seront sur le site internet de la Mairie et sur celui de la Communaut\u00e9 de Communes C\u0153ur de Chartreuse. L\u2019AADEC vient d\u2019acqu\u00e9rir un nouveau minibus \u00e9lectrique en partenariat avec la Communaut\u00e9 de Communes et va proposer un transport social bas\u00e9 sur les r\u00e9ponses du questionnaire Mobilit\u00e9 de l\u2019ann\u00e9e derni\u00e8re. L\u2019AADEC <\/span><strong><span class=\"OYPEnA font-feature-liga-off font-feature-clig-off font-feature-calt-off text-decoration-none text-strikethrough-none\">recherche des b\u00e9n\u00e9voles<\/span><\/strong><span class=\"OYPEnA font-feature-liga-off font-feature-clig-off font-feature-calt-off text-decoration-none text-strikethrough-none\"> pour conduire le minibus sur certains trajets. N\u2019h\u00e9sitez pas \u00e0 vous faire connaitre aupr\u00e8s de l\u2019AADEC si vous acceptez de donner un peu de temps ponctuellement pour ce projet transport.<\/span><\/p>\n<p class=\"cvGsUA direction-ltr align-justify para-style-body\"><span class=\"OYPEnA font-feature-liga-off font-feature-clig-off font-feature-calt-off text-decoration-none text-strikethrough-none\">L\u2019<\/span><strong><span class=\"OYPEnA font-feature-liga-off font-feature-clig-off font-feature-calt-off text-decoration-none text-strikethrough-none\">INRAE<\/span><\/strong><span class=\"OYPEnA font-feature-liga-off font-feature-clig-off font-feature-calt-off text-decoration-none text-strikethrough-none\"> (Institut de Recherche Agricole, l\u2019Alimentation et l\u2019Environnement) propose le samedi 22 mars un atelier tous publics de d\u00e9finition de la Chartreuse \u00e0 +4\u00b0c. Il s\u2019agit de travailler sur une projection de ce que pourrait \u00eatre la vie en Chartreuse entre 2030 et 2050. Le lieu de l\u2019atelier est \u00e0 d\u00e9finir. Toutes les informations seront sur le site internet. R\u00e9servez d\u00e9j\u00e0 cette journ\u00e9e et venez nombreux.<\/span><\/p>\n<p class=\"cvGsUA direction-ltr align-justify para-style-body\"><span class=\"OYPEnA font-feature-liga-off font-feature-clig-off font-feature-calt-off text-decoration-none text-strikethrough-none\">Nous n\u2019avons pas l\u2019habitude de signaler les d\u00e9c\u00e8s, les naissances, les mariages, nous ne le faisons qu\u2019a la demande expresse des<\/span> <span class=\"OYPEnA font-feature-liga-off font-feature-clig-off font-feature-calt-off text-decoration-none text-strikethrough-none\">familles. Il se trouve que la famille Gachet nous a fait cette demande et souhaite annoncer le d\u00e9c\u00e8s de <\/span><strong><span class=\"OYPEnA font-feature-liga-off font-feature-clig-off font-feature-calt-off text-decoration-none text-strikethrough-none\">Josette Gachet<\/span><\/strong><span class=\"OYPEnA font-feature-liga-off font-feature-clig-off font-feature-calt-off text-decoration-none text-strikethrough-none\">, survenu le 9 f\u00e9vrier dernier \u00e0 Lyon. Cette dame, bien connue dans le village, habitait depuis 1981, pendant une grande partie de l\u2019ann\u00e9e, dans le lotissement des Combettes. Je me joins \u00e0 la famille dans ce moment de douleur.<\/span><\/p>\n<p>\u00a0\u00a0\u00a0\u00a0\u00a0\u00a0\u00a0\u00a0\u00a0\u00a0\u00a0\u00a0\u00a0\u00a0\u00a0\u00a0\u00a0\u00a0\u00a0\u00a0\u00a0\u00a0\u00a0\u00a0\u00a0\u00a0\u00a0\u00a0\u00a0\u00a0\u00a0\u00a0\u00a0\u00a0\u00a0\u00a0\u00a0\u00a0\u00a0\u00a0\u00a0\u00a0\u00a0\u00a0\u00a0\u00a0\u00a0\u00a0\u00a0\u00a0\u00a0\u00a0\u00a0\u00a0\u00a0\u00a0\u00a0\u00a0\u00a0\u00a0\u00a0\u00a0\u00a0\u00a0\u00a0\u00a0\u00a0\u00a0\u00a0\u00a0\u00a0\u00a0\u00a0\u00a0\u00a0\u00a0\u00a0\u00a0\u00a0\u00a0\u00a0\u00a0\u00a0\u00a0\u00a0\u00a0\u00a0\u00a0\u00a0\u00a0\u00a0\u00a0\u00a0\u00a0\u00a0\u00a0\u00a0\u00a0\u00a0\u00a0\u00a0\u00a0\u00a0\u00a0\u00a0\u00a0\u00a0\u00a0\u00a0\u00a0\u00a0\u00a0\u00a0\u00a0\u00a0\u00a0\u00a0\u00a0\u00a0\u00a0\u00a0\u00a0\u00a0\u00a0\u00a0\u00a0\u00a0 Wilfried TISSOT<\/p>\n<hr \/>\n<p style=\"text-align: center;\"><a href=\"https:\/\/saintpierredentremont.org\/savoie\/wp-content\/uploads\/2024\/12\/Publication-Instagram-Bonnes-Fetes-Sapins-Vert-Blanc-Or.png\"><img loading=\"lazy\" decoding=\"async\" class=\"alignnone size-medium wp-image-19205\" src=\"https:\/\/saintpierredentremont.org\/savoie\/wp-content\/uploads\/2024\/12\/Publication-Instagram-Bonnes-Fetes-Sapins-Vert-Blanc-Or-300x300.png\" alt=\"\" width=\"300\" height=\"300\" srcset=\"https:\/\/saintpierredentremont.org\/savoie\/wp-content\/uploads\/2024\/12\/Publication-Instagram-Bonnes-Fetes-Sapins-Vert-Blanc-Or-300x300.png 300w, https:\/\/saintpierredentremont.org\/savoie\/wp-content\/uploads\/2024\/12\/Publication-Instagram-Bonnes-Fetes-Sapins-Vert-Blanc-Or-1024x1024.png 1024w, https:\/\/saintpierredentremont.org\/savoie\/wp-content\/uploads\/2024\/12\/Publication-Instagram-Bonnes-Fetes-Sapins-Vert-Blanc-Or-150x150.png 150w, https:\/\/saintpierredentremont.org\/savoie\/wp-content\/uploads\/2024\/12\/Publication-Instagram-Bonnes-Fetes-Sapins-Vert-Blanc-Or-768x768.png 768w, https:\/\/saintpierredentremont.org\/savoie\/wp-content\/uploads\/2024\/12\/Publication-Instagram-Bonnes-Fetes-Sapins-Vert-Blanc-Or.png 1080w\" sizes=\"auto, (max-width: 300px) 100vw, 300px\" \/><\/a><\/p>\n<div>\n<p>Il est de coutume \u00e0 chaque d\u00e9but d\u2019ann\u00e9e de se retourner vers l\u2019ann\u00e9e \u00e9coul\u00e9e. Faisons donc le point !<\/p>\n<p>Les finitions de la <strong>travers\u00e9e du bourg<\/strong> ont continu\u00e9 avec les marquages au sol, l\u2019installation des cand\u00e9labres manquants et du mobilier de village. Deux bancs ont \u00e9t\u00e9 sculpt\u00e9s par Philippe Sourdet, sculpteur sur bois de notre commune : l\u2019un porte l\u2019embl\u00e8me des Chartreux, l\u2019autre la silhouette d\u2019un hibou grand-duc si pr\u00e9sent en Chartreuse. Je le remercie chaleureusement pour ce travail.<\/p>\n<p>Des <strong>travaux<\/strong> d\u2019importance ont \u00e9t\u00e9 men\u00e9s \u00e0 terme : la restauration du <strong>pont de la Fracette<\/strong>, la consolidation des <strong>berges du Cozon<\/strong>, la remise en \u00e9tat des \u00e9l\u00e9ments de s\u00e9curit\u00e9 du <strong>Pas de la Mort<\/strong>\u2026<\/p>\n<p>L\u2019ann\u00e9e 2024 est l\u2019ann\u00e9e de l\u2019installation de la <strong>Fibre<\/strong>, avec de nombreux allers-retours pour limiter au maximum le nombre de poteaux \u00e0 installer. Je remercie Pierre Ferrier, un habitant qui nous a beaucoup aid\u00e9s dans cette t\u00e2che.<\/p>\n<p>L\u2019ann\u00e9e 2024, c\u2019est tout un travail avec le <strong>Groupement Foncier Agricole<\/strong> (GFA), la SAFER et plusieurs agriculteurs pour r\u00e9organiser la <strong>distribution des terrains agricoles<\/strong> et parvenir \u00e0 l\u2019acquisition de 7ha de terrain agricole par le GFA. Je remercie tous ceux qui ont pris des parts dans le GFA pour permettre \u00e0 ce projet d\u2019aboutir.<\/p>\n<p>J\u2019en profite pour mentionner le travail des b\u00e9n\u00e9voles qui ont \u0153uvr\u00e9 pour capturer au printemps les <strong>Gynes (Reines des Frelons asiatiques)<\/strong>. Cette collecte continuera en 2025, et de plus il faudra multiplier par deux le nombre de pi\u00e8ges et en utiliser qui seront beaucoup plus s\u00e9lectifs. Je remercie tout le travail de Romain Veber dont l\u2019investissement est remarquable.<\/p>\n<p>L\u2019ann\u00e9e 2024, ce fut l\u2019occasion de nombreuses r\u00e9unions publiques, pour s\u2019int\u00e9resser et r\u00e9fl\u00e9chir ensemble \u00e0 la production d\u2019<strong>\u00e9nergie photovolta\u00efque<\/strong>, \u00e0 la <strong>transition touristique<\/strong> et au <strong>classement du cirque de Saint-M\u00eame<\/strong>. Les conseils de hameaux ont \u00e9t\u00e9 suspendus, ils ne concernaient plus qu\u2019une partie tr\u00e8s minime des habitants. Nous allons essayer de proposer en 2025 des petits chantiers participatifs qui seront suivis de repas partag\u00e9s o\u00f9 tout le monde aura le loisir d\u2019\u00e9changer.<\/p>\n<p>Le fait marquant de 2024 est cette grande <strong>comm\u00e9moration du maquis de Chartreuse<\/strong> qui fut sur deux jours un moment fort de recueillement, d\u2019apprentissage du devoir de m\u00e9moire et d\u2019\u00e9changes interg\u00e9n\u00e9rationnels. Ce fut le r\u00e9sultat d\u2019un v\u00e9ritable travail d\u2019\u00e9quipe avec notre commune voisine, et d\u2019autres un peu plus \u00e9loign\u00e9es tant en Is\u00e8re qu\u2019en Savoie, avec les \u00e9coles, avec l\u2019AADEC et d\u2019autres associations, avec les commer\u00e7ants et artisans de notre vall\u00e9e. Des membres de la famille Mariette et de la famille Fagot nous ont honor\u00e9s de leur pr\u00e9sence.<\/p>\n<p>Je souhaite aussi faire le point sur l\u2019<strong>EMA<\/strong> : les assureurs ont presque tous sign\u00e9 (il manque \u00e0 ce jour une seule signature) le protocole d\u2019accord qui d\u00e9finit le co\u00fbt de renforcement du b\u00e2timent et sa r\u00e9partition entre les assureurs. Nous allons maintenant rentrer dans la phase de r\u00e9daction des march\u00e9s publics. Il y aura ensuite, les phases d\u2019attribution et de r\u00e9alisation. Nous esp\u00e9rons toujours une ouverture pour septembre 2025 m\u00eame s\u2019il est impossible de fixer une date tant que nous ne rentrons pas en phase de r\u00e9alisation.<\/p>\n<p>En 2025, d\u00e9buteront les travaux sur l\u2019<strong>ancienne \u00e9cole<\/strong>. Ce projet, nous prendra encore pas mal de temps. En parall\u00e8le, nous avons mis \u00e0 l\u2019\u00e9tude deux travaux d\u2019envergure : l\u2019un pour refaire le <strong>centre technique<\/strong> et le couvrir de panneaux photovolta\u00efques et l\u2019autre pour faire la r\u00e9novation de l\u2019<strong>\u00e9glise<\/strong>. Bien s\u00fbr, tout cela ne sera possible qu\u2019en fonction des cofinancements que nous pourrons trouver\u2026<\/p>\n<p>J\u2019esp\u00e8re que vous avez pass\u00e9 de tr\u00e8s <strong>bonnes f\u00eates<\/strong> et vous souhaite une <strong>tr\u00e8s belle ann\u00e9e<\/strong> 2025 !<\/p>\n<p>Wilfried Tissot<\/p>\n<\/div>\n","protected":false},"excerpt":{"rendered":"<p>Mot du Maire janvier &#8211; f\u00e9vrier 2026 J\u2019esp\u00e8re que vous avez pass\u00e9 de bonnes f\u00eates. L\u2019ann\u00e9e 2026 s\u2019annonce anim\u00e9e. Il y aura bien s\u00fbr les \u00e9lections municipales les 15 et 22 mars 2026, et j\u2019en profite pour rappeler que vous pouvez vous inscrire sur les listes \u00e9lectorales jusqu\u2019au 4 f\u00e9vrier en ligne et jusqu\u2019au 6 [&hellip;]<\/p>\n","protected":false},"author":23,"featured_media":20422,"comment_status":"open","ping_status":"open","sticky":false,"template":"","format":"standard","meta":{"footnotes":""},"categories":[1,80],"tags":[],"class_list":["post-19203","post","type-post","status-publish","format-standard","has-post-thumbnail","hentry","category-mairie","category-bulletin-municipal"],"publishpress_future_action":{"enabled":false,"date":"2026-05-04 13:50:04","action":"change-status","newStatus":"draft","terms":[],"taxonomy":"category","extraData":[]},"publishpress_future_workflow_manual_trigger":{"enabledWorkflows":[]},"_links":{"self":[{"href":"https:\/\/saintpierredentremont.org\/savoie\/wp-json\/wp\/v2\/posts\/19203","targetHints":{"allow":["GET"]}}],"collection":[{"href":"https:\/\/saintpierredentremont.org\/savoie\/wp-json\/wp\/v2\/posts"}],"about":[{"href":"https:\/\/saintpierredentremont.org\/savoie\/wp-json\/wp\/v2\/types\/post"}],"author":[{"embeddable":true,"href":"https:\/\/saintpierredentremont.org\/savoie\/wp-json\/wp\/v2\/users\/23"}],"replies":[{"embeddable":true,"href":"https:\/\/saintpierredentremont.org\/savoie\/wp-json\/wp\/v2\/comments?post=19203"}],"version-history":[{"count":13,"href":"https:\/\/saintpierredentremont.org\/savoie\/wp-json\/wp\/v2\/posts\/19203\/revisions"}],"predecessor-version":[{"id":20499,"href":"https:\/\/saintpierredentremont.org\/savoie\/wp-json\/wp\/v2\/posts\/19203\/revisions\/20499"}],"wp:featuredmedia":[{"embeddable":true,"href":"https:\/\/saintpierredentremont.org\/savoie\/wp-json\/wp\/v2\/media\/20422"}],"wp:attachment":[{"href":"https:\/\/saintpierredentremont.org\/savoie\/wp-json\/wp\/v2\/media?parent=19203"}],"wp:term":[{"taxonomy":"category","embeddable":true,"href":"https:\/\/saintpierredentremont.org\/savoie\/wp-json\/wp\/v2\/categories?post=19203"},{"taxonomy":"post_tag","embeddable":true,"href":"https:\/\/saintpierredentremont.org\/savoie\/wp-json\/wp\/v2\/tags?post=19203"}],"curies":[{"name":"wp","href":"https:\/\/api.w.org\/{rel}","templated":true}]}}