{"id":19541,"date":"2025-05-10T10:56:53","date_gmt":"2025-05-10T08:56:53","guid":{"rendered":"https:\/\/saintpierredentremont.org\/savoie\/?p=19541"},"modified":"2025-05-13T10:58:43","modified_gmt":"2025-05-13T08:58:43","slug":"granules-livre-par-buxia-energie-et-wattisere","status":"publish","type":"post","link":"https:\/\/saintpierredentremont.org\/savoie\/granules-livre-par-buxia-energie-et-wattisere\/","title":{"rendered":"granul\u00e9s livr\u00e9 par Buxia Energie et Wattis\u00e8re"},"content":{"rendered":"<p>Message des entreprises Buxia Energie et Wattis\u00e8re<\/p>\n<p><a href=\"https:\/\/saintpierredentremont.org\/savoie\/wp-content\/uploads\/2025\/05\/logo-Buxia-Energies_300_fond_blanc.png\"><img loading=\"lazy\" decoding=\"async\" class=\"alignnone size-full wp-image-19587\" src=\"https:\/\/saintpierredentremont.org\/savoie\/wp-content\/uploads\/2025\/05\/logo-Buxia-Energies_300_fond_blanc.png\" alt=\"\" width=\"300\" height=\"129\" \/><\/a><\/p>\n<p>Notre groupement d\u2019achat de granul\u00e9s <strong>Wattis\u00e8re \/ Buxia Energies <\/strong>conna\u00eet un fort engouement. Sont avec nous cette ann\u00e9e 3 soci\u00e9t\u00e9s citoyennes voisines, <strong>Vercors Soleil<\/strong> pour le Sud Vercors, <strong>Energ\u2019Y Citoyenne<\/strong> pour l\u2019ouest de l\u2019agglom\u00e9ration grenobloise et <strong>Avant Pays Solaire<\/strong> pour la Chartreuse c\u00f4t\u00e9 Savoie autour du Lac d\u2019Aiguebelette.<\/p>\n<p><strong>Notre groupement couvre donc la vall\u00e9e de l\u2019Is\u00e8re en aval de Grenoble et ses territoires limitrophes (Chartreuse, Vercors, Bi\u00e8vre \u2026)<\/strong><\/p>\n<p>Nous soutenons tous un m\u00eame objectif\u00a0:\u00a0<strong>Faire avancer la transition \u00e9nerg\u00e9tique et participer \u00e0 la promotion du bois \u00e9nergie.<\/strong><\/p>\n<p>A ce jour, vous \u00eates pr\u00e8s de <strong>500 familles, entreprises ou communes<\/strong> \u00e0 avoir r\u00e9pondu en ce d\u00e9but d\u2019ann\u00e9e 2025. Cela repr\u00e9sente plus de <strong>1500 Tonnes de granul\u00e9s<\/strong> (1000 Tonnes de vrac et 450 palettes de sacs).<\/p>\n<p>Encore merci de votre confiance.<\/p>\n<p><strong>Les discussions avec les fabricants et les distributeurs de granul\u00e9s sont termin\u00e9es<\/strong>. Tout comme l\u2019ann\u00e9e derni\u00e8re, c\u2019est la soci\u00e9t\u00e9 <strong>Pradier Bois Energies<\/strong> que nous avons retenu suivant 3 crit\u00e8res\u00a0: le prix, encore en baisse cette ann\u00e9e, la qualit\u00e9 et la proximit\u00e9.<\/p>\n<p><strong>Pour le vrac<\/strong><strong>\u00a0\u00a0 <\/strong>Responsable Louis Bonnet-Eymard\u00a0: <a href=\"mailto:louis.bonnet-eymard@wanadoo.fr\">louis.bonnet-eymard@wanadoo.fr<\/a> ou si besoin 07 81 42 64 11<\/p>\n<p><strong>Prix\u00a0: 315 \u20ac la tonne TTC livr\u00e9e<\/strong>, pour tous, quelleque soit la zone de livraison, quel que soit le type de camion, mais avec un <strong>minimum de 2 tonnes.<\/strong><\/p>\n<p>Pour les communes et les professionnels (h\u00f4tels, g\u00eetes \u2026), prix identiques toute l\u2019ann\u00e9e pour leurs autres livraisons.<\/p>\n<p>Pour les particuliers, pour leurs autres livraisons d\u2019hiver, prix \u00e0 -10% par rapport au prix hiver, mais toujours <strong>avec un minimum de 2 tonnes<\/strong>.<\/p>\n<p>Pensez \u00e0 pr\u00e9ciser \u00e0 nouveau \u00e0 la soci\u00e9t\u00e9 Pradier, lors de leur appel t\u00e9l\u00e9phonique, le tonnage, le choix du camion ou vos consignes particuli\u00e8res.<\/p>\n<p>Sachez qu\u2019un petit camion co\u00fbte plus cher \u00e0 la livraison, ne le demander que si c\u2019est vraiment n\u00e9cessaire.<\/p>\n<p>Paiement aupr\u00e8s du chauffeur par CB, ch\u00e8que ou liquide (avec l\u2019appoint exact). Ch\u00e8ques \u00e9nergie accept\u00e9s si date valide. Paiement en 3 fois possible.<\/p>\n<p>Pour les communes, le paiement se fait \u00e0 r\u00e9ception de factures.<\/p>\n<p><strong>Si urgence pour la livraison, vous avez \u00e9videmment la possibilit\u00e9 de les appeler.<\/strong><\/p>\n<p><strong>Notre interlocutrice chez Pradier pour le vrac s\u2019appelle St\u00e9phanie, t\u00e9l\u00e9phone 04 75 68 85 15, mail\u00a0: <\/strong><a href=\"mailto:stephanie.marmonier@pradierbois-energie.fr\"><strong>stephanie.marmonier@pradierbois-energie.fr<\/strong><\/a><\/p>\n<p>Pour celles et ceux qui ont besoin d\u2019une autre livraison en hiver, il faudra rappeler lors de votre appel que vous faites partie du groupement Wattis\u00e8re \/ Buxia. Un conseil, n\u2019attendez pas d\u2019\u00eatre en panne pour passer vos commandes d\u2019hiver, <strong>anticipez largement vos demandes.<\/strong><\/p>\n<p><strong>Pour les sacs<\/strong>\u00a0\u00a0\u00a0 Responsable Didier Maurin\u00a0: <a href=\"mailto:didier.maurin@gmail.com\">didier.maurin@gmail.com<\/a> , 06 85 22 43 02<\/p>\n<p>Prix\u00a0: <strong>4,86 \u20ac le sac TTC livr\u00e9 soit 374,22 \u20ac la palette de 77 sacs de 15 kg <\/strong>(1 palette = 1155 kg). Les palettes sont livr\u00e9es compl\u00e8tes.<\/p>\n<p>Paiement aupr\u00e8s du chauffeur par CB, ch\u00e8que ou liquide (avec l\u2019appoint exact). Ch\u00e8ques \u00e9nergie accept\u00e9s si date valide. Paiement en 3 fois possible.<\/p>\n<p><strong>Votre contact chez Pradier pour les sacs\u00a0: Jessica KRIBS, t\u00e9l\u00e9phone 04 75 48 64 03, mail\u00a0: <\/strong><a href=\"mailto:contactbois@pradierbois-energie.fr\"><strong>contactbois@pradierbois-energie.fr<\/strong><\/a><\/p>\n<p><strong>\u00a0<\/strong><strong>La qualit\u00e9\u00a0:<\/strong><\/p>\n<p>Les granul\u00e9s r\u00e9pondent \u00e0 l\u2019ensemble des normes DIN+ qui r\u00e9gissent la fabrication et commercialisation des granul\u00e9s.<\/p>\n<p><strong>Ils sont fabriqu\u00e9s exclusivement \u00e0 base de sciure et de sous-produits de r\u00e9sineux<\/strong> (contrairement \u00e0 certaines offres promotionnelles qui peuvent \u00eatre rencontr\u00e9es dans des grandes surfaces).<\/p>\n<p>Nous avons eu de tr\u00e8s rares retours n\u00e9gatifs suite aux livraisons de 2024, retours portant sur quelques palettes mal conditionn\u00e9es, quelques soudures de sacs d\u00e9fectueuses et quelques personnes nous indiquant des taux de poussi\u00e8res et de cendres importants.<\/p>\n<p>La soci\u00e9t\u00e9 Pradier, lorsqu\u2019elle a \u00e9t\u00e9 inform\u00e9e de ces probl\u00e8mes, a pris en compte les remarques formul\u00e9es (\u00e9change de sac, aide \u00e0 la mise en conformit\u00e9 d\u2019un silo, \u2026)<\/p>\n<p>Et nous avons eu un grand nombre de personnes livr\u00e9es en 2024 qui nous ont fait un retour positif.<\/p>\n<p><strong>La proximit\u00e9\u00a0: <\/strong><\/p>\n<p>Pradier Bois Energies fabrique les granul\u00e9s sur son site sur la commune Le Grand Serre au Nord de la Dr\u00f4me. Un d\u00e9p\u00f4t pour les palettes de sacs est aussi utilis\u00e9 \u00e0 Saint-Laurent-en-Royans.<\/p>\n<p>Les sciures utilis\u00e9es sont issues de scieries partenaires de Pradier bas\u00e9es dans la r\u00e9gion AURA.<\/p>\n<p><strong>D\u00e9roulement des livraisons\u00a0:<\/strong><\/p>\n<p><strong>Les livraisons sont \u00e9chelonn\u00e9es de mi-avril \u00e0 fin juillet<\/strong>. <strong>Vous serez directement contact\u00e9 par Pradier Bois Energies<\/strong> pour vous proposer une date de livraison. En g\u00e9n\u00e9ral, Pradier vous contacte 15 jours avant la date qui sera propos\u00e9e. Bien s\u00fbr, les dates de livraisons propos\u00e9es prendront en compte vos disponibilit\u00e9s.<\/p>\n<p>Pradier va chercher \u00e0 regrouper le maximum de point de livraison sur un secteur g\u00e9ographique r\u00e9duit. Cela permet de limiter les trajets, de gagner du temps \u2026 et donc des \u00e9conomies que nous retrouvons dans les tarifs qui nous sont propos\u00e9s.<\/p>\n<p><strong>L\u2019op\u00e9ration \u00ab\u00a0Granul\u00e9s Solidaire\u00a0\u00bb\u00a0:<\/strong><\/p>\n<p>Tout comme en 2024<strong>, nous reconduisons l\u2019op\u00e9ration \u00ab\u00a0Granul\u00e9s Solidaires<\/strong>\u00a0\u00bb. Les prix, que nous vous avons indiqu\u00e9, comprennent une participation de 1,50 \u20ac par tonne et 2 cts d\u2019\u20ac par sacs (soit environ 1,5 \u20ac par palette). <strong>Cette participation permettra d\u2019aider des associations caritatives locales.<\/strong><\/p>\n<p>En 2024, 4 structures avaient b\u00e9n\u00e9fici\u00e9 d\u2019une palette (ou de son \u00e9quivalent)\u00a0:<\/p>\n<p>&#8211;\u00a0\u00a0\u00a0\u00a0\u00a0\u00a0\u00a0\u00a0\u00a0 Le CCAS de la Buisse pour un logement occup\u00e9 par des r\u00e9fugi\u00e9s Ukrainiens<\/p>\n<p>&#8211;\u00a0\u00a0\u00a0\u00a0\u00a0\u00a0\u00a0\u00a0\u00a0 Le Rigodon, lieu d\u2019accueil de jour et de restauration \u00e0 Voiron<\/p>\n<p>&#8211;\u00a0\u00a0\u00a0\u00a0\u00a0\u00a0\u00a0\u00a0\u00a0 L\u2019\u00e9picerie solidaire \u2018\u2019Amandine\u2019\u2019 \u00e0 Voiron.<\/p>\n<p>&#8211;\u00a0\u00a0\u00a0\u00a0\u00a0\u00a0\u00a0\u00a0\u00a0 Tero Loko \u00e0 Notre Dame de l\u2019Osier qui pratique l\u2019insertion \u00e0 travers des chantiers maraichers et de la boulangerie.<\/p>\n<p>Si vous ne souhaitez pas participer \u00e0 ce financement, faites-nous savoir par retour votre d\u00e9saccord.<\/p>\n<p>Comme en 2024, <strong>merci de nous proposer les structures que vous souhaiteriez soutenir <\/strong>(structure d\u2019insertion, association, \u2026 qui vous sont proches).<\/p>\n<p><strong>Conclusion\u00a0:<\/strong><\/p>\n<p>Il est encore possible de b\u00e9n\u00e9ficier des conditions de notre groupement. Vous pouvez diffuser \u00e0 vos proches (famille, voisins, \u2026) \u00e0 partir du lien :<\/p>\n<p><a href=\"https:\/\/docs.google.com\/forms\/d\/e\/1FAIpQLScWJzBCtg1pE1molu2vn00bdGS9OXyGSQaQ1uMXm80QCpvhOw\/viewform?usp=header\">https:\/\/docs.google.com\/forms\/d\/e\/1FAIpQLScWJzBCtg1pE1molu2vn00bdGS9OXyGSQaQ1uMXm80QCpvhOw\/viewform?usp=header<\/a><\/p>\n<p>Il ne sera pas possible de b\u00e9n\u00e9ficier de l\u2019offre en passant directement par Pradier Bois Energies.<\/p>\n<p><strong>Nous restons \u00e0 votre disposition<\/strong>\u00a0pour toutes informations compl\u00e9mentaires, par mail si possible.<\/p>\n<p>N\u2019h\u00e9sitez pas \u00e0 nous faire remonter vos remarques.<\/p>\n<p>Salutations \u00e0 vous tous<\/p>\n<p>Louis Bonnet-Eymard de la Centrale Villageoise WATTISERE<\/p>\n<p>et Didier Maurin de la soci\u00e9t\u00e9 citoyenne BUXIA ENERGIES<\/p>\n","protected":false},"excerpt":{"rendered":"<p>Message des entreprises Buxia Energie et Wattis\u00e8re Notre groupement d\u2019achat de granul\u00e9s Wattis\u00e8re \/ Buxia Energies conna\u00eet un fort engouement. Sont avec nous cette ann\u00e9e 3 soci\u00e9t\u00e9s citoyennes voisines, Vercors Soleil pour le Sud Vercors, Energ\u2019Y Citoyenne pour l\u2019ouest de l\u2019agglom\u00e9ration grenobloise et Avant Pays Solaire pour la Chartreuse c\u00f4t\u00e9 Savoie autour du Lac d\u2019Aiguebelette. [&hellip;]<\/p>\n","protected":false},"author":23,"featured_media":0,"comment_status":"open","ping_status":"open","sticky":false,"template":"","format":"standard","meta":{"footnotes":""},"categories":[1152,1285,1286,35],"tags":[],"class_list":["post-19541","post","type-post","status-publish","format-standard","hentry","category-transition-ecologique","category-energie","category-economie-circulaire","category-commerces-services-artisanat"],"publishpress_future_action":{"enabled":false,"date":"2026-05-06 15:11:59","action":"change-status","newStatus":"draft","terms":[],"taxonomy":"category","extraData":[]},"publishpress_future_workflow_manual_trigger":{"enabledWorkflows":[]},"_links":{"self":[{"href":"https:\/\/saintpierredentremont.org\/savoie\/wp-json\/wp\/v2\/posts\/19541","targetHints":{"allow":["GET"]}}],"collection":[{"href":"https:\/\/saintpierredentremont.org\/savoie\/wp-json\/wp\/v2\/posts"}],"about":[{"href":"https:\/\/saintpierredentremont.org\/savoie\/wp-json\/wp\/v2\/types\/post"}],"author":[{"embeddable":true,"href":"https:\/\/saintpierredentremont.org\/savoie\/wp-json\/wp\/v2\/users\/23"}],"replies":[{"embeddable":true,"href":"https:\/\/saintpierredentremont.org\/savoie\/wp-json\/wp\/v2\/comments?post=19541"}],"version-history":[{"count":3,"href":"https:\/\/saintpierredentremont.org\/savoie\/wp-json\/wp\/v2\/posts\/19541\/revisions"}],"predecessor-version":[{"id":19589,"href":"https:\/\/saintpierredentremont.org\/savoie\/wp-json\/wp\/v2\/posts\/19541\/revisions\/19589"}],"wp:attachment":[{"href":"https:\/\/saintpierredentremont.org\/savoie\/wp-json\/wp\/v2\/media?parent=19541"}],"wp:term":[{"taxonomy":"category","embeddable":true,"href":"https:\/\/saintpierredentremont.org\/savoie\/wp-json\/wp\/v2\/categories?post=19541"},{"taxonomy":"post_tag","embeddable":true,"href":"https:\/\/saintpierredentremont.org\/savoie\/wp-json\/wp\/v2\/tags?post=19541"}],"curies":[{"name":"wp","href":"https:\/\/api.w.org\/{rel}","templated":true}]}}