{"id":19951,"date":"2025-08-20T10:23:14","date_gmt":"2025-08-20T08:23:14","guid":{"rendered":"https:\/\/saintpierredentremont.org\/savoie\/?p=19951"},"modified":"2025-09-17T16:58:54","modified_gmt":"2025-09-17T14:58:54","slug":"siaep-deficit-de-la-ressource-en-eau","status":"publish","type":"post","link":"https:\/\/saintpierredentremont.org\/savoie\/siaep-deficit-de-la-ressource-en-eau\/","title":{"rendered":"SIAEP D\u00e9ficit de la ressource en eau"},"content":{"rendered":"<p>M.\u00e0.J le 20\/08\/2025<\/p>\n<p>Message du SIAEP du Thiers<\/p>\n<p class=\"ox-6fc584f8e8-msonormal\">Le manque de pr\u00e9cipitations de ces derni\u00e8res semaines a entra\u00een\u00e9 une baisse drastique des ressources. Nous constatons en parall\u00e8le une augmentation des consommations d\u2019eau surement due aux fortes chaleurs. Cela am\u00e8ne aujourd\u2019hui \u00e0 une distribution de l\u2019eau sous tension. Nous mettons tout ce qui est en notre possession pour maintenir une continuit\u00e9 de service.<\/p>\n<p class=\"ox-6fc584f8e8-msonormal\">Au vu de la m\u00e9t\u00e9o annonc\u00e9 ces prochains jours, les d\u00e9bits des sources risquent de diminuer davantage aggravant le d\u00e9ficit.<\/p>\n<p>L\u2019Avant Pays-Savoyard ainsi que la Chartreuse est d\u00e9j\u00e0 plac\u00e9 en alerte s\u00e8cheresse depuis fin juillet. Vous trouverez en pi\u00e8ce jointe l\u2019arr\u00eat\u00e9 ainsi qu\u2019une fiche explicative \u00e9dit\u00e9e par la Pr\u00e9fecture de la Savoie.<\/p>\n<p><a href=\"https:\/\/saintpierredentremont.org\/savoie\/wp-content\/uploads\/2025\/08\/20250813_AP_sech-1-1.pdf\">Arr\u00eat\u00e9 prefectoral<\/a><\/p>\n<p><a href=\"https:\/\/saintpierredentremont.org\/savoie\/wp-content\/uploads\/2025\/08\/Fiche_alerte_2023b-1.pdf\">Fiche_alerte_secheresse<\/a><\/p>\n","protected":false},"excerpt":{"rendered":"<p>M.\u00e0.J le 20\/08\/2025 Message du SIAEP du Thiers Le manque de pr\u00e9cipitations de ces derni\u00e8res semaines a entra\u00een\u00e9 une baisse drastique des ressources. Nous constatons en parall\u00e8le une augmentation des consommations d\u2019eau surement due aux fortes chaleurs. Cela am\u00e8ne aujourd\u2019hui \u00e0 une distribution de l\u2019eau sous tension. Nous mettons tout ce qui est en notre [&hellip;]<\/p>\n","protected":false},"author":23,"featured_media":19954,"comment_status":"open","ping_status":"open","sticky":false,"template":"","format":"standard","meta":{"footnotes":""},"categories":[59,103,5,41,30],"tags":[],"class_list":["post-19951","post","type-post","status-publish","format-standard","has-post-thumbnail","hentry","category-reseaux","category-eau","category-economie-service-sante","category-syndicat-intercommunal-dadduction-en-eau-potable-de-la-region-du-thiers-siaep-du-thiers","category-service-public"],"publishpress_future_action":{"enabled":false,"date":"2026-05-04 02:13:26","action":"change-status","newStatus":"draft","terms":[],"taxonomy":"category","extraData":[]},"publishpress_future_workflow_manual_trigger":{"enabledWorkflows":[]},"_links":{"self":[{"href":"https:\/\/saintpierredentremont.org\/savoie\/wp-json\/wp\/v2\/posts\/19951","targetHints":{"allow":["GET"]}}],"collection":[{"href":"https:\/\/saintpierredentremont.org\/savoie\/wp-json\/wp\/v2\/posts"}],"about":[{"href":"https:\/\/saintpierredentremont.org\/savoie\/wp-json\/wp\/v2\/types\/post"}],"author":[{"embeddable":true,"href":"https:\/\/saintpierredentremont.org\/savoie\/wp-json\/wp\/v2\/users\/23"}],"replies":[{"embeddable":true,"href":"https:\/\/saintpierredentremont.org\/savoie\/wp-json\/wp\/v2\/comments?post=19951"}],"version-history":[{"count":2,"href":"https:\/\/saintpierredentremont.org\/savoie\/wp-json\/wp\/v2\/posts\/19951\/revisions"}],"predecessor-version":[{"id":19956,"href":"https:\/\/saintpierredentremont.org\/savoie\/wp-json\/wp\/v2\/posts\/19951\/revisions\/19956"}],"wp:featuredmedia":[{"embeddable":true,"href":"https:\/\/saintpierredentremont.org\/savoie\/wp-json\/wp\/v2\/media\/19954"}],"wp:attachment":[{"href":"https:\/\/saintpierredentremont.org\/savoie\/wp-json\/wp\/v2\/media?parent=19951"}],"wp:term":[{"taxonomy":"category","embeddable":true,"href":"https:\/\/saintpierredentremont.org\/savoie\/wp-json\/wp\/v2\/categories?post=19951"},{"taxonomy":"post_tag","embeddable":true,"href":"https:\/\/saintpierredentremont.org\/savoie\/wp-json\/wp\/v2\/tags?post=19951"}],"curies":[{"name":"wp","href":"https:\/\/api.w.org\/{rel}","templated":true}]}}