{"id":20832,"date":"2026-04-28T13:29:53","date_gmt":"2026-04-28T11:29:53","guid":{"rendered":"https:\/\/saintpierredentremont.org\/savoie\/?p=20832"},"modified":"2026-04-28T13:31:14","modified_gmt":"2026-04-28T11:31:14","slug":"animations-atlas-de-la-biodiversite-communale-abc","status":"publish","type":"post","link":"https:\/\/saintpierredentremont.org\/savoie\/animations-atlas-de-la-biodiversite-communale-abc\/","title":{"rendered":"Animations &#8211; Atlas de la Biodiversit\u00e9 Communale (ABC)"},"content":{"rendered":"<p class=\"font-claude-response-body break-words whitespace-normal leading-[1.7]\">Le Parc Naturel R\u00e9gional de Chartreuse lance les premi\u00e8res animations de son Atlas de la Biodiversit\u00e9 Communale (ABC). Voici le programme :<\/p>\n<p class=\"font-claude-response-body break-words whitespace-normal leading-[1.7]\"><strong>Mercredi 29 avril 2026<\/strong> \u2014 Animation inventaire avec les \u00e9cologues du Parc, \u00e0 Saint-Pierre-de-Chartreuse, de 9h30 \u00e0 11h et de 14h \u00e0 15h30. Ouvert \u00e0 tous d\u00e8s 8 ans, sans inscription, rendez-vous devant la mairie. Gratuit.<\/p>\n<p class=\"font-claude-response-body break-words whitespace-normal leading-[1.7]\"><strong>Samedi 9 mai 2026<\/strong> \u2014 D\u00e9couverte des oiseaux avec la LPO 38, au Sappey-en-Chartreuse, de 8h \u00e0 11h. Grand public, 10 personnes max. Tenue adapt\u00e9e requise. Gratuit, inscription obligatoire via le site du Parc.<\/p>\n<p class=\"font-claude-response-body break-words whitespace-normal leading-[1.7]\"><strong>Dimanche 10 mai 2026<\/strong> \u2014 Animation nature sur la Via Ferrata de la Roche Veyrand, \u00e0 Saint-Pierre-d&rsquo;Entremont (Savoie), de 9h \u00e0 12h30 et de 14h \u00e0 17h30. Anim\u00e9e par Sandrine Bervas, monitrice dipl\u00f4m\u00e9e d&rsquo;\u00c9tat et naturaliste sp\u00e9cialis\u00e9e dans les milieux verticaux. 8 personnes par groupe, \u00e0 partir de 15 ans, bonne condition physique requise, ne pas avoir le vertige. Gratuit, inscription obligatoire via le site du Parc.<\/p>\n<p class=\"font-claude-response-body break-words whitespace-normal leading-[1.7]\"><strong>Samedi 16 mai 2026<\/strong> \u2014 D\u00e9couverte des oiseaux avec la LPO 38, \u00e0 Saint-Pierre-de-Chartreuse, de 8h \u00e0 11h. Grand public, 10 personnes max. Gratuit, inscription obligatoire via le site du Parc.<\/p>\n<p class=\"font-claude-response-body break-words whitespace-normal leading-[1.7]\"><strong>Dimanche 14 juin 2026<\/strong> \u2014 \u00ab La vie secr\u00e8te des arbres \u00bb, journ\u00e9e anim\u00e9e par Yannick Billard, accompagnateur en montagne, \u00e0 Saint-Laurent-du-Pont, de 9h \u00e0 16h30. Jusqu&rsquo;\u00e0 20 personnes. Tarif \u00e0 venir, inscription obligatoire via le site du Parc.<\/p>\n<p class=\"font-claude-response-body break-words whitespace-normal leading-[1.7]\"><strong>Samedi 20 juin 2026<\/strong> \u2014 Lecture de paysages &amp; nature avec Cartusiana, bureau de la montagne, au Sappey-en-Chartreuse, de 14h30 \u00e0 17h. 16 personnes max, \u00e0 partir de 10 ans. Gratuit, inscription obligatoire via le site du Parc.<\/p>\n<p class=\"font-claude-response-body break-words whitespace-normal leading-[1.7]\">Vous trouverez ci-dessous les diff\u00e9rentes affiches de ces animations, accompagn\u00e9es des informations utiles par date d&rsquo;occurrence (sauf pour la vie secr\u00e8te des arbres).<\/p>\n<p>Toutes les informations et inscriptions sont disponibles sur l&rsquo;<a href=\"https:\/\/www.parc-chartreuse.net\/agir\/biodiversite-amenagement-et-paysages-2\/abc-atlas-biodiversite-communale-chartreuse\/agenda-abc\/\">Agenda ABC<\/a> du site du Parc Naturel R\u00e9gional de Chartreuse.<\/p>\n<p class=\"font-claude-response-body break-words whitespace-normal leading-[1.7]\"><a href=\"https:\/\/saintpierredentremont.org\/savoie\/animations-atlas-de-la-biodiversite-communale-abc\/capture-decran-2026-04-28-a-13-24-30\/\" rel=\"attachment wp-att-20840\"><img loading=\"lazy\" decoding=\"async\" class=\"aligncenter size-large wp-image-20840\" src=\"https:\/\/saintpierredentremont.org\/savoie\/wp-content\/uploads\/2026\/04\/Capture-decran-2026-04-28-a-13.24.30-723x1024.png\" alt=\"\" width=\"604\" height=\"855\" srcset=\"https:\/\/saintpierredentremont.org\/savoie\/wp-content\/uploads\/2026\/04\/Capture-decran-2026-04-28-a-13.24.30-723x1024.png 723w, https:\/\/saintpierredentremont.org\/savoie\/wp-content\/uploads\/2026\/04\/Capture-decran-2026-04-28-a-13.24.30-212x300.png 212w, https:\/\/saintpierredentremont.org\/savoie\/wp-content\/uploads\/2026\/04\/Capture-decran-2026-04-28-a-13.24.30-768x1088.png 768w, https:\/\/saintpierredentremont.org\/savoie\/wp-content\/uploads\/2026\/04\/Capture-decran-2026-04-28-a-13.24.30-1084x1536.png 1084w, https:\/\/saintpierredentremont.org\/savoie\/wp-content\/uploads\/2026\/04\/Capture-decran-2026-04-28-a-13.24.30-1446x2048.png 1446w, https:\/\/saintpierredentremont.org\/savoie\/wp-content\/uploads\/2026\/04\/Capture-decran-2026-04-28-a-13.24.30.png 1454w\" sizes=\"auto, (max-width: 604px) 100vw, 604px\" \/><\/a><a href=\"https:\/\/saintpierredentremont.org\/savoie\/animations-atlas-de-la-biodiversite-communale-abc\/capture-decran-2026-04-28-a-13-24-00\/\" rel=\"attachment wp-att-20838\"><img loading=\"lazy\" decoding=\"async\" class=\"aligncenter size-large wp-image-20838\" src=\"https:\/\/saintpierredentremont.org\/savoie\/wp-content\/uploads\/2026\/04\/Capture-decran-2026-04-28-a-13.24.00-723x1024.png\" alt=\"\" width=\"604\" height=\"855\" srcset=\"https:\/\/saintpierredentremont.org\/savoie\/wp-content\/uploads\/2026\/04\/Capture-decran-2026-04-28-a-13.24.00-723x1024.png 723w, https:\/\/saintpierredentremont.org\/savoie\/wp-content\/uploads\/2026\/04\/Capture-decran-2026-04-28-a-13.24.00-212x300.png 212w, https:\/\/saintpierredentremont.org\/savoie\/wp-content\/uploads\/2026\/04\/Capture-decran-2026-04-28-a-13.24.00-768x1088.png 768w, https:\/\/saintpierredentremont.org\/savoie\/wp-content\/uploads\/2026\/04\/Capture-decran-2026-04-28-a-13.24.00-1084x1536.png 1084w, https:\/\/saintpierredentremont.org\/savoie\/wp-content\/uploads\/2026\/04\/Capture-decran-2026-04-28-a-13.24.00-1446x2048.png 1446w, https:\/\/saintpierredentremont.org\/savoie\/wp-content\/uploads\/2026\/04\/Capture-decran-2026-04-28-a-13.24.00.png 1454w\" sizes=\"auto, (max-width: 604px) 100vw, 604px\" \/><\/a><a href=\"https:\/\/saintpierredentremont.org\/savoie\/animations-atlas-de-la-biodiversite-communale-abc\/capture-decran-2026-04-28-a-13-24-14\/\" rel=\"attachment wp-att-20842\"><img loading=\"lazy\" decoding=\"async\" class=\"aligncenter size-large wp-image-20842\" src=\"https:\/\/saintpierredentremont.org\/savoie\/wp-content\/uploads\/2026\/04\/Capture-decran-2026-04-28-a-13.24.14-723x1024.png\" alt=\"\" width=\"604\" height=\"855\" srcset=\"https:\/\/saintpierredentremont.org\/savoie\/wp-content\/uploads\/2026\/04\/Capture-decran-2026-04-28-a-13.24.14-723x1024.png 723w, https:\/\/saintpierredentremont.org\/savoie\/wp-content\/uploads\/2026\/04\/Capture-decran-2026-04-28-a-13.24.14-212x300.png 212w, https:\/\/saintpierredentremont.org\/savoie\/wp-content\/uploads\/2026\/04\/Capture-decran-2026-04-28-a-13.24.14-768x1088.png 768w, https:\/\/saintpierredentremont.org\/savoie\/wp-content\/uploads\/2026\/04\/Capture-decran-2026-04-28-a-13.24.14-1084x1536.png 1084w, https:\/\/saintpierredentremont.org\/savoie\/wp-content\/uploads\/2026\/04\/Capture-decran-2026-04-28-a-13.24.14-1446x2048.png 1446w, https:\/\/saintpierredentremont.org\/savoie\/wp-content\/uploads\/2026\/04\/Capture-decran-2026-04-28-a-13.24.14.png 1454w\" sizes=\"auto, (max-width: 604px) 100vw, 604px\" \/><\/a><a href=\"https:\/\/saintpierredentremont.org\/savoie\/animations-atlas-de-la-biodiversite-communale-abc\/capture-decran-2026-04-28-a-13-27-16\/\" rel=\"attachment wp-att-20843\"><img loading=\"lazy\" decoding=\"async\" class=\"aligncenter size-large wp-image-20843\" src=\"https:\/\/saintpierredentremont.org\/savoie\/wp-content\/uploads\/2026\/04\/Capture-decran-2026-04-28-a-13.27.16-723x1024.png\" alt=\"\" width=\"604\" height=\"855\" srcset=\"https:\/\/saintpierredentremont.org\/savoie\/wp-content\/uploads\/2026\/04\/Capture-decran-2026-04-28-a-13.27.16-723x1024.png 723w, https:\/\/saintpierredentremont.org\/savoie\/wp-content\/uploads\/2026\/04\/Capture-decran-2026-04-28-a-13.27.16-212x300.png 212w, https:\/\/saintpierredentremont.org\/savoie\/wp-content\/uploads\/2026\/04\/Capture-decran-2026-04-28-a-13.27.16-768x1088.png 768w, https:\/\/saintpierredentremont.org\/savoie\/wp-content\/uploads\/2026\/04\/Capture-decran-2026-04-28-a-13.27.16-1084x1536.png 1084w, https:\/\/saintpierredentremont.org\/savoie\/wp-content\/uploads\/2026\/04\/Capture-decran-2026-04-28-a-13.27.16-1446x2048.png 1446w, https:\/\/saintpierredentremont.org\/savoie\/wp-content\/uploads\/2026\/04\/Capture-decran-2026-04-28-a-13.27.16.png 1454w\" sizes=\"auto, (max-width: 604px) 100vw, 604px\" \/><\/a><a href=\"https:\/\/saintpierredentremont.org\/savoie\/animations-atlas-de-la-biodiversite-communale-abc\/capture-decran-2026-04-28-a-13-24-23\/\" rel=\"attachment wp-att-20841\"><img loading=\"lazy\" decoding=\"async\" class=\"aligncenter size-large wp-image-20841\" src=\"https:\/\/saintpierredentremont.org\/savoie\/wp-content\/uploads\/2026\/04\/Capture-decran-2026-04-28-a-13.24.23-723x1024.png\" alt=\"\" width=\"604\" height=\"855\" srcset=\"https:\/\/saintpierredentremont.org\/savoie\/wp-content\/uploads\/2026\/04\/Capture-decran-2026-04-28-a-13.24.23-723x1024.png 723w, https:\/\/saintpierredentremont.org\/savoie\/wp-content\/uploads\/2026\/04\/Capture-decran-2026-04-28-a-13.24.23-212x300.png 212w, https:\/\/saintpierredentremont.org\/savoie\/wp-content\/uploads\/2026\/04\/Capture-decran-2026-04-28-a-13.24.23-768x1088.png 768w, https:\/\/saintpierredentremont.org\/savoie\/wp-content\/uploads\/2026\/04\/Capture-decran-2026-04-28-a-13.24.23-1084x1536.png 1084w, https:\/\/saintpierredentremont.org\/savoie\/wp-content\/uploads\/2026\/04\/Capture-decran-2026-04-28-a-13.24.23-1446x2048.png 1446w, https:\/\/saintpierredentremont.org\/savoie\/wp-content\/uploads\/2026\/04\/Capture-decran-2026-04-28-a-13.24.23.png 1454w\" sizes=\"auto, (max-width: 604px) 100vw, 604px\" \/><\/a><\/p>\n","protected":false},"excerpt":{"rendered":"<p>Le Parc Naturel R\u00e9gional de Chartreuse lance les premi\u00e8res animations de son Atlas de la Biodiversit\u00e9 Communale (ABC). Voici le programme : Mercredi 29 avril 2026 \u2014 Animation inventaire avec les \u00e9cologues du Parc, \u00e0 Saint-Pierre-de-Chartreuse, de 9h30 \u00e0 11h et de 14h \u00e0 15h30. Ouvert \u00e0 tous d\u00e8s 8 ans, sans inscription, rendez-vous devant [&hellip;]<\/p>\n","protected":false},"author":24,"featured_media":0,"comment_status":"open","ping_status":"open","sticky":false,"template":"","format":"standard","meta":{"footnotes":""},"categories":[1407],"tags":[152,270,851,1024,1278,1332,1454,1472,1496,1497,1498,1499,1500,1501,1502,1503],"class_list":["post-20832","post","type-post","status-publish","format-standard","hentry","category-z_actualites-en-page-accueil","tag-chartreuse","tag-biodiversite","tag-famille","tag-gratuit","tag-via-ferrata","tag-animations","tag-abc","tag-nature","tag-atlas-de-la-biodiversite-communale","tag-parc-naturel-regional","tag-sorties-nature","tag-lpo","tag-oiseaux","tag-arbres","tag-paysages","tag-printemps-2026"],"publishpress_future_action":{"enabled":false,"date":"2026-05-05 16:24:03","action":"change-status","newStatus":"draft","terms":[],"taxonomy":"category","extraData":[]},"publishpress_future_workflow_manual_trigger":{"enabledWorkflows":[]},"_links":{"self":[{"href":"https:\/\/saintpierredentremont.org\/savoie\/wp-json\/wp\/v2\/posts\/20832","targetHints":{"allow":["GET"]}}],"collection":[{"href":"https:\/\/saintpierredentremont.org\/savoie\/wp-json\/wp\/v2\/posts"}],"about":[{"href":"https:\/\/saintpierredentremont.org\/savoie\/wp-json\/wp\/v2\/types\/post"}],"author":[{"embeddable":true,"href":"https:\/\/saintpierredentremont.org\/savoie\/wp-json\/wp\/v2\/users\/24"}],"replies":[{"embeddable":true,"href":"https:\/\/saintpierredentremont.org\/savoie\/wp-json\/wp\/v2\/comments?post=20832"}],"version-history":[{"count":2,"href":"https:\/\/saintpierredentremont.org\/savoie\/wp-json\/wp\/v2\/posts\/20832\/revisions"}],"predecessor-version":[{"id":20845,"href":"https:\/\/saintpierredentremont.org\/savoie\/wp-json\/wp\/v2\/posts\/20832\/revisions\/20845"}],"wp:attachment":[{"href":"https:\/\/saintpierredentremont.org\/savoie\/wp-json\/wp\/v2\/media?parent=20832"}],"wp:term":[{"taxonomy":"category","embeddable":true,"href":"https:\/\/saintpierredentremont.org\/savoie\/wp-json\/wp\/v2\/categories?post=20832"},{"taxonomy":"post_tag","embeddable":true,"href":"https:\/\/saintpierredentremont.org\/savoie\/wp-json\/wp\/v2\/tags?post=20832"}],"curies":[{"name":"wp","href":"https:\/\/api.w.org\/{rel}","templated":true}]}}