{"id":20850,"date":"2026-04-28T13:53:08","date_gmt":"2026-04-28T11:53:08","guid":{"rendered":"https:\/\/saintpierredentremont.org\/savoie\/?p=20850"},"modified":"2026-04-28T13:53:35","modified_gmt":"2026-04-28T11:53:35","slug":"le-guiers-fait-son-cirque-8eme-edition","status":"publish","type":"post","link":"https:\/\/saintpierredentremont.org\/savoie\/le-guiers-fait-son-cirque-8eme-edition\/","title":{"rendered":"Le guiers fait son cirque ! 8\u00e8me \u00e9dition."},"content":{"rendered":"<p class=\"font-claude-response-body break-words whitespace-normal leading-[1.7]\">La compagnie Solfasirc revient pour la 8\u00e8me \u00e9dition de son festival de cirque <strong>Le Guiers fait son cirque<\/strong>, les vendredi 29 et samedi 30 mai 2026, \u00e0 Saint-Pierre-d&rsquo;Entremont (\u00e9cole\/gymnase et alentours).<\/p>\n<p class=\"font-claude-response-body break-words whitespace-normal leading-[1.7]\">M\u00ealant pratiques amateurs et professionnelles, le festival propose un programme riche sous chapiteau, avec danse, th\u00e9\u00e2tre, cirque, musique live et bal folk.<\/p>\n<p class=\"font-claude-response-body break-words whitespace-normal leading-[1.7]\"><strong>Au programme:<\/strong><\/p>\n<p><a href=\"https:\/\/saintpierredentremont.org\/savoie\/le-guiers-fait-son-cirque-8eme-edition\/capture-decran-2026-04-28-a-13-50-06\/\" rel=\"attachment wp-att-20852\"><img loading=\"lazy\" decoding=\"async\" class=\"aligncenter size-large wp-image-20852\" src=\"https:\/\/saintpierredentremont.org\/savoie\/wp-content\/uploads\/2026\/04\/Capture-decran-2026-04-28-a-13.50.06-1024x551.png\" alt=\"\" width=\"604\" height=\"325\" srcset=\"https:\/\/saintpierredentremont.org\/savoie\/wp-content\/uploads\/2026\/04\/Capture-decran-2026-04-28-a-13.50.06-1024x551.png 1024w, https:\/\/saintpierredentremont.org\/savoie\/wp-content\/uploads\/2026\/04\/Capture-decran-2026-04-28-a-13.50.06-300x162.png 300w, https:\/\/saintpierredentremont.org\/savoie\/wp-content\/uploads\/2026\/04\/Capture-decran-2026-04-28-a-13.50.06-768x413.png 768w, https:\/\/saintpierredentremont.org\/savoie\/wp-content\/uploads\/2026\/04\/Capture-decran-2026-04-28-a-13.50.06-1536x827.png 1536w, https:\/\/saintpierredentremont.org\/savoie\/wp-content\/uploads\/2026\/04\/Capture-decran-2026-04-28-a-13.50.06-2048x1103.png 2048w\" sizes=\"auto, (max-width: 604px) 100vw, 604px\" \/><\/a><\/p>\n<p class=\"font-claude-response-body break-words whitespace-normal leading-[1.7]\">L&rsquo;entr\u00e9e est au <strong>prix libre<\/strong>, dans une d\u00e9marche d&rsquo;accessibilit\u00e9 \u00e0 tous. Le festival se veut \u00e9co-citoyen, avec restauration \u00e0 base de produits locaux et promotion des modes de transport doux.<\/p>\n<p>L&rsquo;\u00e9v\u00e9nement propose \u00e9galement les ateliers suivants:<\/p>\n<p><a href=\"https:\/\/saintpierredentremont.org\/savoie\/le-guiers-fait-son-cirque-8eme-edition\/capture-decran-2026-04-28-a-13-52-01\/\" rel=\"attachment wp-att-20853\"><img loading=\"lazy\" decoding=\"async\" class=\"aligncenter size-large wp-image-20853\" src=\"https:\/\/saintpierredentremont.org\/savoie\/wp-content\/uploads\/2026\/04\/Capture-decran-2026-04-28-a-13.52.01-1024x288.png\" alt=\"\" width=\"604\" height=\"170\" srcset=\"https:\/\/saintpierredentremont.org\/savoie\/wp-content\/uploads\/2026\/04\/Capture-decran-2026-04-28-a-13.52.01-1024x288.png 1024w, https:\/\/saintpierredentremont.org\/savoie\/wp-content\/uploads\/2026\/04\/Capture-decran-2026-04-28-a-13.52.01-300x84.png 300w, https:\/\/saintpierredentremont.org\/savoie\/wp-content\/uploads\/2026\/04\/Capture-decran-2026-04-28-a-13.52.01-768x216.png 768w, https:\/\/saintpierredentremont.org\/savoie\/wp-content\/uploads\/2026\/04\/Capture-decran-2026-04-28-a-13.52.01-1536x432.png 1536w, https:\/\/saintpierredentremont.org\/savoie\/wp-content\/uploads\/2026\/04\/Capture-decran-2026-04-28-a-13.52.01-2048x576.png 2048w\" sizes=\"auto, (max-width: 604px) 100vw, 604px\" \/><\/a><\/p>\n<p class=\"font-claude-response-body break-words whitespace-normal leading-[1.7]\">Infos et inscriptions aux ateliers sur le <a href=\"https:\/\/solfasirc.org\/fr\/festival-2026\/\">site de la compagnie.\u00a0<\/a><\/p>\n<p><a href=\"https:\/\/saintpierredentremont.org\/savoie\/le-guiers-fait-son-cirque-8eme-edition\/capture-decran-2026-04-28-a-13-48-04\/\" rel=\"attachment wp-att-20851\"><img loading=\"lazy\" decoding=\"async\" class=\"aligncenter size-large wp-image-20851\" src=\"https:\/\/saintpierredentremont.org\/savoie\/wp-content\/uploads\/2026\/04\/Capture-decran-2026-04-28-a-13.48.04-1024x692.png\" alt=\"\" width=\"604\" height=\"408\" srcset=\"https:\/\/saintpierredentremont.org\/savoie\/wp-content\/uploads\/2026\/04\/Capture-decran-2026-04-28-a-13.48.04-1024x692.png 1024w, https:\/\/saintpierredentremont.org\/savoie\/wp-content\/uploads\/2026\/04\/Capture-decran-2026-04-28-a-13.48.04-300x203.png 300w, https:\/\/saintpierredentremont.org\/savoie\/wp-content\/uploads\/2026\/04\/Capture-decran-2026-04-28-a-13.48.04-768x519.png 768w, https:\/\/saintpierredentremont.org\/savoie\/wp-content\/uploads\/2026\/04\/Capture-decran-2026-04-28-a-13.48.04-1536x1038.png 1536w, https:\/\/saintpierredentremont.org\/savoie\/wp-content\/uploads\/2026\/04\/Capture-decran-2026-04-28-a-13.48.04-2048x1383.png 2048w\" sizes=\"auto, (max-width: 604px) 100vw, 604px\" \/><\/a><\/p>\n","protected":false},"excerpt":{"rendered":"<p>La compagnie Solfasirc revient pour la 8\u00e8me \u00e9dition de son festival de cirque Le Guiers fait son cirque, les vendredi 29 et samedi 30 mai 2026, \u00e0 Saint-Pierre-d&rsquo;Entremont (\u00e9cole\/gymnase et alentours). M\u00ealant pratiques amateurs et professionnelles, le festival propose un programme riche sous chapiteau, avec danse, th\u00e9\u00e2tre, cirque, musique live et bal folk. Au programme: [&hellip;]<\/p>\n","protected":false},"author":24,"featured_media":0,"comment_status":"open","ping_status":"open","sticky":false,"template":"","format":"standard","meta":{"footnotes":""},"categories":[1407],"tags":[152,247,263,396,434,438,851,1323,1338,1339,1508,1509,1510,1511,1512,1513],"class_list":["post-20850","post","type-post","status-publish","format-standard","hentry","category-z_actualites-en-page-accueil","tag-chartreuse","tag-festival","tag-theatre","tag-cirque","tag-musique","tag-danse","tag-famille","tag-saint-pierre-dentremont","tag-arts-du-cirque","tag-solfasirc","tag-le-guiers-fait-son-cirque","tag-spectacle-vivant","tag-bal-folk","tag-ateliers","tag-tout-public","tag-mai-2026"],"publishpress_future_action":{"enabled":false,"date":"2026-05-05 16:59:51","action":"change-status","newStatus":"draft","terms":[],"taxonomy":"category","extraData":[]},"publishpress_future_workflow_manual_trigger":{"enabledWorkflows":[]},"_links":{"self":[{"href":"https:\/\/saintpierredentremont.org\/savoie\/wp-json\/wp\/v2\/posts\/20850","targetHints":{"allow":["GET"]}}],"collection":[{"href":"https:\/\/saintpierredentremont.org\/savoie\/wp-json\/wp\/v2\/posts"}],"about":[{"href":"https:\/\/saintpierredentremont.org\/savoie\/wp-json\/wp\/v2\/types\/post"}],"author":[{"embeddable":true,"href":"https:\/\/saintpierredentremont.org\/savoie\/wp-json\/wp\/v2\/users\/24"}],"replies":[{"embeddable":true,"href":"https:\/\/saintpierredentremont.org\/savoie\/wp-json\/wp\/v2\/comments?post=20850"}],"version-history":[{"count":3,"href":"https:\/\/saintpierredentremont.org\/savoie\/wp-json\/wp\/v2\/posts\/20850\/revisions"}],"predecessor-version":[{"id":20856,"href":"https:\/\/saintpierredentremont.org\/savoie\/wp-json\/wp\/v2\/posts\/20850\/revisions\/20856"}],"wp:attachment":[{"href":"https:\/\/saintpierredentremont.org\/savoie\/wp-json\/wp\/v2\/media?parent=20850"}],"wp:term":[{"taxonomy":"category","embeddable":true,"href":"https:\/\/saintpierredentremont.org\/savoie\/wp-json\/wp\/v2\/categories?post=20850"},{"taxonomy":"post_tag","embeddable":true,"href":"https:\/\/saintpierredentremont.org\/savoie\/wp-json\/wp\/v2\/tags?post=20850"}],"curies":[{"name":"wp","href":"https:\/\/api.w.org\/{rel}","templated":true}]}}