{"id":20868,"date":"2026-04-29T09:00:03","date_gmt":"2026-04-29T07:00:03","guid":{"rendered":"https:\/\/saintpierredentremont.org\/savoie\/?p=20868"},"modified":"2026-04-29T09:42:15","modified_gmt":"2026-04-29T07:42:15","slug":"animation-nature-sur-la-via-ferrata-de-la-roche-veyrand","status":"publish","type":"post","link":"https:\/\/saintpierredentremont.org\/savoie\/animation-nature-sur-la-via-ferrata-de-la-roche-veyrand\/","title":{"rendered":"\u00ab Animation nature sur la Via ferrata de la Roche Veyrand \u00bb"},"content":{"rendered":"<p><strong>Dimanche 10 mai 2026<\/strong><strong>\u202f<\/strong>9h \u00e0 12h30\u00a0et\u00a014h \u00e0 17h30<\/p>\n<p><strong><em>Animation\u00a0nature\u00a0sur\u00a0la\u00a0Via ferrata de la Roche\u00a0Veyrand\u00a0<\/em><\/strong><\/p>\n<p>Lieu\u202f:\u00a0Saint-Pierre d\u2019Entremont Savoie<\/p>\n<p>par\u00a0Sandrine BERVAS, monitrice\u00a0diplom\u00e9e\u00a0d\u2019Etat d\u2019escalade en milieu naturelle et naturaliste sp\u00e9cialis\u00e9e dans les milieux verticaux.<\/p>\n<p>un\u00a0groupe le matin de 9h \u00e0 12h30 et un groupe l\u2019apr\u00e8s-midi de 14h \u00e0 17h30.<\/p>\n<p>Groupe de 8 personnes \u00e0 chaque fois.<\/p>\n<p>Bonne condition physique n\u00e9cessaire, pr\u00e9voir tenue adapt\u00e9e + gourde, ne pas avoir le vertige + ouvert \u00e0 partir de 15 ans.<\/p>\n<p>Gratuit &#8211;\u00a0Inscription obligatoire<\/p>\n<p>&nbsp;<\/p>\n<p>L\u2019inscription se fait via le site du Parc\u00a0: <a href=\"https:\/\/www.parc-chartreuse.net\/agir\/biodiversite-amenagement-et-paysages-2\/abc-atlas-biodiversite-communale-chartreuse\/agenda-abc\/\"> Agenda ABC<\/a><\/p>\n<p><a href=\"https:\/\/saintpierredentremont.org\/savoie\/wp-content\/uploads\/2026\/04\/via-ferrata.png\"><img loading=\"lazy\" decoding=\"async\" class=\"alignnone size-medium wp-image-20869\" src=\"https:\/\/saintpierredentremont.org\/savoie\/wp-content\/uploads\/2026\/04\/via-ferrata-300x256.png\" alt=\"\" width=\"300\" height=\"256\" srcset=\"https:\/\/saintpierredentremont.org\/savoie\/wp-content\/uploads\/2026\/04\/via-ferrata-300x256.png 300w, https:\/\/saintpierredentremont.org\/savoie\/wp-content\/uploads\/2026\/04\/via-ferrata.png 627w\" sizes=\"auto, (max-width: 300px) 100vw, 300px\" \/><\/a><\/p>\n","protected":false},"excerpt":{"rendered":"<p>Dimanche 10 mai 2026\u202f9h \u00e0 12h30\u00a0et\u00a014h \u00e0 17h30 Animation\u00a0nature\u00a0sur\u00a0la\u00a0Via ferrata de la Roche\u00a0Veyrand\u00a0 Lieu\u202f:\u00a0Saint-Pierre d\u2019Entremont Savoie par\u00a0Sandrine BERVAS, monitrice\u00a0diplom\u00e9e\u00a0d\u2019Etat d\u2019escalade en milieu naturelle et naturaliste sp\u00e9cialis\u00e9e dans les milieux verticaux. un\u00a0groupe le matin de 9h \u00e0 12h30 et un groupe l\u2019apr\u00e8s-midi de 14h \u00e0 17h30. Groupe de 8 personnes \u00e0 chaque fois. Bonne condition physique [&hellip;]<\/p>\n","protected":false},"author":23,"featured_media":20870,"comment_status":"open","ping_status":"open","sticky":false,"template":"","format":"standard","meta":{"footnotes":""},"categories":[1152,1289,43,4,151,12,7],"tags":[188,1278],"class_list":["post-20868","post","type-post","status-publish","format-standard","has-post-thumbnail","hentry","category-transition-ecologique","category-education-a-lenvironnement","category-communaute-de-communes-coeur-de-chartreuse","category-organisation-du-territoire","category-animation","category-via-ferrata","category-vie-sociale","tag-animation","tag-via-ferrata"],"publishpress_future_action":{"enabled":true,"date":"2026-05-10 20:49:00","action":"change-status","newStatus":"trash","terms":[0],"taxonomy":"category","extraData":[]},"publishpress_future_workflow_manual_trigger":{"enabledWorkflows":[]},"_links":{"self":[{"href":"https:\/\/saintpierredentremont.org\/savoie\/wp-json\/wp\/v2\/posts\/20868","targetHints":{"allow":["GET"]}}],"collection":[{"href":"https:\/\/saintpierredentremont.org\/savoie\/wp-json\/wp\/v2\/posts"}],"about":[{"href":"https:\/\/saintpierredentremont.org\/savoie\/wp-json\/wp\/v2\/types\/post"}],"author":[{"embeddable":true,"href":"https:\/\/saintpierredentremont.org\/savoie\/wp-json\/wp\/v2\/users\/23"}],"replies":[{"embeddable":true,"href":"https:\/\/saintpierredentremont.org\/savoie\/wp-json\/wp\/v2\/comments?post=20868"}],"version-history":[{"count":1,"href":"https:\/\/saintpierredentremont.org\/savoie\/wp-json\/wp\/v2\/posts\/20868\/revisions"}],"predecessor-version":[{"id":20871,"href":"https:\/\/saintpierredentremont.org\/savoie\/wp-json\/wp\/v2\/posts\/20868\/revisions\/20871"}],"wp:featuredmedia":[{"embeddable":true,"href":"https:\/\/saintpierredentremont.org\/savoie\/wp-json\/wp\/v2\/media\/20870"}],"wp:attachment":[{"href":"https:\/\/saintpierredentremont.org\/savoie\/wp-json\/wp\/v2\/media?parent=20868"}],"wp:term":[{"taxonomy":"category","embeddable":true,"href":"https:\/\/saintpierredentremont.org\/savoie\/wp-json\/wp\/v2\/categories?post=20868"},{"taxonomy":"post_tag","embeddable":true,"href":"https:\/\/saintpierredentremont.org\/savoie\/wp-json\/wp\/v2\/tags?post=20868"}],"curies":[{"name":"wp","href":"https:\/\/api.w.org\/{rel}","templated":true}]}}