{"id":20893,"date":"2026-04-29T12:23:46","date_gmt":"2026-04-29T10:23:46","guid":{"rendered":"https:\/\/saintpierredentremont.org\/savoie\/?p=20893"},"modified":"2026-04-29T14:43:28","modified_gmt":"2026-04-29T12:43:28","slug":"marche-aux-fleurs","status":"publish","type":"post","link":"https:\/\/saintpierredentremont.org\/savoie\/marche-aux-fleurs\/","title":{"rendered":"March\u00e9 aux fleurs"},"content":{"rendered":"<p>Rendez-vous incontournable du printemps en Chartreuse,<strong> le March\u00e9 aux Fleurs de Saint-Laurent-du-Pont<\/strong> revient pour sa 29e \u00e9dition le <strong>dimanche 10 mai 2026<\/strong>, place du march\u00e9, de 8h \u00e0 18h.<\/p>\n<p>Organis\u00e9 par l&rsquo;Office de Tourisme C\u0153ur de Chartreuse, cet \u00e9v\u00e9nement rassemble horticulteurs, p\u00e9pini\u00e9ristes et grainetiers, avec \u00e9galement des objets du jardin, des animations, des ateliers et des food trucks.<\/p>\n<p>Acc\u00e8s libre et gratuit. Infos : 04 76 06 22 55 \u2014 destinationchartreuse.fr<\/p>\n<p><a href=\"https:\/\/saintpierredentremont.org\/savoie\/marche-aux-fleurs\/marche-aux-fleurs\/\" rel=\"attachment wp-att-20895\"><img loading=\"lazy\" decoding=\"async\" class=\"aligncenter size-large wp-image-20895\" src=\"https:\/\/saintpierredentremont.org\/savoie\/wp-content\/uploads\/2026\/04\/Marche-aux-fleurs-722x1024.png\" alt=\"\" width=\"604\" height=\"857\" srcset=\"https:\/\/saintpierredentremont.org\/savoie\/wp-content\/uploads\/2026\/04\/Marche-aux-fleurs-722x1024.png 722w, https:\/\/saintpierredentremont.org\/savoie\/wp-content\/uploads\/2026\/04\/Marche-aux-fleurs-211x300.png 211w, https:\/\/saintpierredentremont.org\/savoie\/wp-content\/uploads\/2026\/04\/Marche-aux-fleurs-768x1090.png 768w, https:\/\/saintpierredentremont.org\/savoie\/wp-content\/uploads\/2026\/04\/Marche-aux-fleurs-1083x1536.png 1083w, https:\/\/saintpierredentremont.org\/savoie\/wp-content\/uploads\/2026\/04\/Marche-aux-fleurs.png 1328w\" sizes=\"auto, (max-width: 604px) 100vw, 604px\" \/><\/a><\/p>\n","protected":false},"excerpt":{"rendered":"<p>Rendez-vous incontournable du printemps en Chartreuse, le March\u00e9 aux Fleurs de Saint-Laurent-du-Pont revient pour sa 29e \u00e9dition le dimanche 10 mai 2026, place du march\u00e9, de 8h \u00e0 18h. Organis\u00e9 par l&rsquo;Office de Tourisme C\u0153ur de Chartreuse, cet \u00e9v\u00e9nement rassemble horticulteurs, p\u00e9pini\u00e9ristes et grainetiers, avec \u00e9galement des objets du jardin, des animations, des ateliers et [&hellip;]<\/p>\n","protected":false},"author":24,"featured_media":0,"comment_status":"open","ping_status":"open","sticky":false,"template":"","format":"standard","meta":{"footnotes":""},"categories":[1283,1286,151],"tags":[152,208,418,1024,1332,1461,1511,1513,1526,1527,1528,1529,1530,1531],"class_list":["post-20893","post","type-post","status-publish","format-standard","hentry","category-agriculture-et-alimentation","category-economie-circulaire","category-animation","tag-chartreuse","tag-fleurs","tag-jardinage","tag-gratuit","tag-animations","tag-saint-laurent-du-pont","tag-ateliers","tag-mai-2026","tag-marche-aux-fleurs","tag-printemps","tag-horticulture","tag-pepinieristes","tag-grainetiers","tag-office-de-tourisme"],"publishpress_future_action":{"enabled":false,"date":"2026-05-06 15:05:39","action":"change-status","newStatus":"draft","terms":[],"taxonomy":"category","extraData":[]},"publishpress_future_workflow_manual_trigger":{"enabledWorkflows":[]},"_links":{"self":[{"href":"https:\/\/saintpierredentremont.org\/savoie\/wp-json\/wp\/v2\/posts\/20893","targetHints":{"allow":["GET"]}}],"collection":[{"href":"https:\/\/saintpierredentremont.org\/savoie\/wp-json\/wp\/v2\/posts"}],"about":[{"href":"https:\/\/saintpierredentremont.org\/savoie\/wp-json\/wp\/v2\/types\/post"}],"author":[{"embeddable":true,"href":"https:\/\/saintpierredentremont.org\/savoie\/wp-json\/wp\/v2\/users\/24"}],"replies":[{"embeddable":true,"href":"https:\/\/saintpierredentremont.org\/savoie\/wp-json\/wp\/v2\/comments?post=20893"}],"version-history":[{"count":2,"href":"https:\/\/saintpierredentremont.org\/savoie\/wp-json\/wp\/v2\/posts\/20893\/revisions"}],"predecessor-version":[{"id":20897,"href":"https:\/\/saintpierredentremont.org\/savoie\/wp-json\/wp\/v2\/posts\/20893\/revisions\/20897"}],"wp:attachment":[{"href":"https:\/\/saintpierredentremont.org\/savoie\/wp-json\/wp\/v2\/media?parent=20893"}],"wp:term":[{"taxonomy":"category","embeddable":true,"href":"https:\/\/saintpierredentremont.org\/savoie\/wp-json\/wp\/v2\/categories?post=20893"},{"taxonomy":"post_tag","embeddable":true,"href":"https:\/\/saintpierredentremont.org\/savoie\/wp-json\/wp\/v2\/tags?post=20893"}],"curies":[{"name":"wp","href":"https:\/\/api.w.org\/{rel}","templated":true}]}}