{"id":20900,"date":"2026-04-29T12:38:07","date_gmt":"2026-04-29T10:38:07","guid":{"rendered":"https:\/\/saintpierredentremont.org\/savoie\/?p=20900"},"modified":"2026-04-29T12:38:07","modified_gmt":"2026-04-29T10:38:07","slug":"decheterie-et-collecte-des-dechets","status":"publish","type":"post","link":"https:\/\/saintpierredentremont.org\/savoie\/decheterie-et-collecte-des-dechets\/","title":{"rendered":"D\u00e9ch\u00e9terie et collecte des d\u00e9chets"},"content":{"rendered":"<p class=\"font-claude-response-body break-words whitespace-normal leading-[1.7]\">La d\u00e9ch\u00e8terie C\u0153ur de Chartreuse sera ferm\u00e9e les jours f\u00e9ri\u00e9s du mois de mai. Pensez \u00e0 planifier vos d\u00e9p\u00f4ts en cons\u00e9quence :<\/p>\n<ul>\n<li class=\"font-claude-response-body break-words whitespace-pre-wrap leading-[1.7]\">Vendredi 1er mai<\/li>\n<li class=\"font-claude-response-body break-words whitespace-pre-wrap leading-[1.7]\">Ferm\u00e9 Samedi 2 mai<\/li>\n<li class=\"font-claude-response-body break-words whitespace-pre-wrap leading-[1.7]\">Ouvert Vendredi 8 mai<\/li>\n<li class=\"font-claude-response-body break-words whitespace-pre-wrap leading-[1.7]\">Ferm\u00e9 Samedi 9 mai<\/li>\n<li class=\"font-claude-response-body break-words whitespace-pre-wrap leading-[1.7]\">Ouvert Jeudi 14 mai (Ascension)<\/li>\n<li class=\"font-claude-response-body break-words whitespace-pre-wrap leading-[1.7]\">Ferm\u00e9 Vendredi 15 mai \u2014 Ouvert<\/li>\n<\/ul>\n<p class=\"font-claude-response-body break-words whitespace-normal leading-[1.7]\">Par ailleurs, la collecte des ordures m\u00e9nag\u00e8res sera \u00e9galement impact\u00e9e pendant les jours f\u00e9ri\u00e9s. La tourn\u00e9e s&rsquo;effectuera sur 4 jours au lieu de 5 : certaines communes seront collect\u00e9es un jour plus t\u00f4t ou plus tard selon le circuit habituel.<\/p>\n<p class=\"font-claude-response-body break-words whitespace-normal leading-[1.7]\">Pour toute information : service d\u00e9chets de la Communaut\u00e9 de Communes C\u0153ur de Chartreuse \u2014 04 76 66 65 24 \u2014 <a class=\"underline underline underline-offset-2 decoration-1 decoration-current\/40 hover:decoration-current focus:decoration-current\" href=\"mailto:dechets@cc-coeurdechartreuse.fr\">dechets@cc-coeurdechartreuse.fr<\/a><\/p>\n<p><a href=\"https:\/\/saintpierredentremont.org\/savoie\/decheterie-et-collecte-des-dechets\/pont-de-mai-2026-tableau\/\" rel=\"attachment wp-att-20901\"><img loading=\"lazy\" decoding=\"async\" class=\"aligncenter size-large wp-image-20901\" src=\"https:\/\/saintpierredentremont.org\/savoie\/wp-content\/uploads\/2026\/04\/Pont-de-mai-2026-tableau-724x1024.jpg\" alt=\"\" width=\"604\" height=\"854\" srcset=\"https:\/\/saintpierredentremont.org\/savoie\/wp-content\/uploads\/2026\/04\/Pont-de-mai-2026-tableau-724x1024.jpg 724w, https:\/\/saintpierredentremont.org\/savoie\/wp-content\/uploads\/2026\/04\/Pont-de-mai-2026-tableau-212x300.jpg 212w, https:\/\/saintpierredentremont.org\/savoie\/wp-content\/uploads\/2026\/04\/Pont-de-mai-2026-tableau-768x1086.jpg 768w, https:\/\/saintpierredentremont.org\/savoie\/wp-content\/uploads\/2026\/04\/Pont-de-mai-2026-tableau-1086x1536.jpg 1086w, https:\/\/saintpierredentremont.org\/savoie\/wp-content\/uploads\/2026\/04\/Pont-de-mai-2026-tableau.jpg 1414w\" sizes=\"auto, (max-width: 604px) 100vw, 604px\" \/><\/a><\/p>\n","protected":false},"excerpt":{"rendered":"<p>La d\u00e9ch\u00e8terie C\u0153ur de Chartreuse sera ferm\u00e9e les jours f\u00e9ri\u00e9s du mois de mai. Pensez \u00e0 planifier vos d\u00e9p\u00f4ts en cons\u00e9quence : Vendredi 1er mai Ferm\u00e9 Samedi 2 mai Ouvert Vendredi 8 mai Ferm\u00e9 Samedi 9 mai Ouvert Jeudi 14 mai (Ascension) Ferm\u00e9 Vendredi 15 mai \u2014 Ouvert Par ailleurs, la collecte des ordures m\u00e9nag\u00e8res [&hellip;]<\/p>\n","protected":false},"author":24,"featured_media":0,"comment_status":"open","ping_status":"open","sticky":false,"template":"","format":"standard","meta":{"footnotes":""},"categories":[1407],"tags":[132,339,348,489,736,1082,1507,1535,1536,1537,1538],"class_list":["post-20900","post","type-post","status-publish","format-standard","hentry","category-z_actualites-en-page-accueil","tag-ordures-menageres","tag-horaires","tag-coeur-de-chartreuse","tag-decheterie","tag-collecte","tag-8-mai","tag-1507","tag-jours-feries","tag-pont-de-mai","tag-1er-mai","tag-ascension"],"publishpress_future_action":{"enabled":false,"date":"2026-05-06 15:06:00","action":"change-status","newStatus":"draft","terms":[],"taxonomy":"category","extraData":[]},"publishpress_future_workflow_manual_trigger":{"enabledWorkflows":[]},"_links":{"self":[{"href":"https:\/\/saintpierredentremont.org\/savoie\/wp-json\/wp\/v2\/posts\/20900","targetHints":{"allow":["GET"]}}],"collection":[{"href":"https:\/\/saintpierredentremont.org\/savoie\/wp-json\/wp\/v2\/posts"}],"about":[{"href":"https:\/\/saintpierredentremont.org\/savoie\/wp-json\/wp\/v2\/types\/post"}],"author":[{"embeddable":true,"href":"https:\/\/saintpierredentremont.org\/savoie\/wp-json\/wp\/v2\/users\/24"}],"replies":[{"embeddable":true,"href":"https:\/\/saintpierredentremont.org\/savoie\/wp-json\/wp\/v2\/comments?post=20900"}],"version-history":[{"count":2,"href":"https:\/\/saintpierredentremont.org\/savoie\/wp-json\/wp\/v2\/posts\/20900\/revisions"}],"predecessor-version":[{"id":20903,"href":"https:\/\/saintpierredentremont.org\/savoie\/wp-json\/wp\/v2\/posts\/20900\/revisions\/20903"}],"wp:attachment":[{"href":"https:\/\/saintpierredentremont.org\/savoie\/wp-json\/wp\/v2\/media?parent=20900"}],"wp:term":[{"taxonomy":"category","embeddable":true,"href":"https:\/\/saintpierredentremont.org\/savoie\/wp-json\/wp\/v2\/categories?post=20900"},{"taxonomy":"post_tag","embeddable":true,"href":"https:\/\/saintpierredentremont.org\/savoie\/wp-json\/wp\/v2\/tags?post=20900"}],"curies":[{"name":"wp","href":"https:\/\/api.w.org\/{rel}","templated":true}]}}