{"id":712,"date":"2014-09-09T10:19:10","date_gmt":"2014-09-09T09:19:10","guid":{"rendered":"https:\/\/saintpierredentremont.org\/savoie\/?p=712"},"modified":"2022-09-16T10:14:10","modified_gmt":"2022-09-16T09:14:10","slug":"les-ogm-comment-agir","status":"publish","type":"post","link":"https:\/\/saintpierredentremont.org\/savoie\/les-ogm-comment-agir\/","title":{"rendered":"Les OGM, comment agir ?"},"content":{"rendered":"<p><strong class=\"titre-article\">68% des fran\u00e7ais<\/strong> se d\u00e9clarent <strong class=\"spip\">tr\u00e8s inquiets<\/strong> quant \u00e0 la <strong class=\"spip\">pr\u00e9sence d\u2019OGM dans leur assiette<\/strong>,<\/p>\n<div class=\"texte\">\n<p class=\"spip\"><strong class=\"spip\">72% des fran\u00e7ais<\/strong> trouvent important de pouvoir <strong class=\"spip\">consommer des produits sans OGM<\/strong>.<br \/>\nEn 2007, <strong class=\"spip\">70% des agriculteurs<\/strong> \u00e9taient <strong class=\"spip\">favorables<\/strong> \u00e0 un <strong class=\"spip\">moratoire sur les cultures commerciales d\u2019OGM<\/strong>.<\/p>\n<p class=\"spip\">Les OGM sont aussi l<strong class=\"spip\">\u2019affaire des \u00e9lus<\/strong>.<\/p>\n<h3 class=\"spip\">Le Conseil Municipal a d\u00e9lib\u00e9r\u00e9 pour interdire les cultures OGM<\/h3>\n<p class=\"spip\">C\u2019est pourquoi le <strong class=\"spip\">Conseil municipal<\/strong> a d\u00e9lib\u00e9r\u00e9 le 23 octobre pour <strong class=\"spip\">interdire la culture d\u2019OGM sur la commune<\/strong> tant pour la commercialisation que pour l\u2019exp\u00e9rimentation (non couverte par le moratoire europ\u00e9en).<\/p>\n<p class=\"spip\">Le Maire a pris un <strong class=\"spip\">arr\u00eat\u00e9 d\u2019interdiction de la culture des OGM<\/strong> sur la Commune. <a id=\"sommaire_2\"><\/a><\/p>\n<h3 class=\"spip\">Le pr\u00e9fet demande l\u2019annulation de cette interdiction<\/h3>\n<p class=\"spip\">Le <strong class=\"spip\">Pr\u00e9fet de la Savoie<\/strong> a demand\u00e9 l\u2019<strong class=\"spip\">annulation de la d\u00e9lib\u00e9ration<\/strong> du 23 octobre 2009 et de l\u2019arr\u00eat\u00e9 du 9 novembre 2009 sur l\u2019argument qu\u2019il n\u2019est<strong class=\"spip\"> pas dans les pouvoirs de police du Maire<\/strong> et encore moins du Conseil Municipal de statuer sur une telle interdiction, sachant qu\u2019il n\u2019y a pas de danger grave et imminent.<\/p>\n<p class=\"spip\">Ne souhaitant <strong class=\"spip\">pas aller en justice<\/strong> sur ce sujet\u00a0[1], le <strong class=\"spip\">Conseil Municipal<\/strong> a donc d\u00e9lib\u00e9r\u00e9 en<strong class=\"spip\"> janvier 2010<\/strong> pour <strong class=\"spip\">annuler la d\u00e9lib\u00e9ration d\u2019octobre 2009<\/strong>. Vous pourrez lire cette d\u00e9lib\u00e9ration ci jointe\u00a0: elle est aussi l\u2019occasion de <strong class=\"spip\">d\u00e9velopper les arguments anti OGM<\/strong>.<\/p>\n<p class=\"spip\">Le Maire n\u2019a <strong class=\"spip\">pas annul\u00e9 l\u2019arr\u00eat\u00e9<\/strong> puisque ce dernier n\u2019\u00e9tait <strong class=\"spip\">valable que pour l\u2019ann\u00e9e 2009.<\/strong>\u00a0 <a href=\"https:\/\/saintpierredentremont.org\/savoie\/wp-content\/uploads\/2014\/09\/2009-10-23-delib-OGM.pdf\">Lire l\u2019int\u00e9gralit\u00e9 de l\u2019arr\u00eat\u00e9<\/a><\/p>\n<h3 class=\"spip\">Sensibiliser la population<\/h3>\n<p class=\"spip\">Au-del\u00e0 de cette interdiction, l\u2019objectif est de <strong class=\"spip\">porter le d\u00e9bat sur les OGM<\/strong> et de <strong class=\"spip\">sensibiliser la population<\/strong>.<\/p>\n<p class=\"spip\">Le <strong class=\"spip\">Conseil Municipal<\/strong> a r\u00e9affirm\u00e9 son <strong class=\"spip\">opposition aux OGM<\/strong> en <a class=\"spip_in\" href=\"https:\/\/saintpierredentremont.org\/savoie\/spip.php?article477\">adh\u00e9rant \u00e0 l\u2019association des collectivit\u00e9s sans OGM.<\/a> le d\u00e9cembre 2011 et en votant une <a class=\"spip_in\" href=\"https:\/\/saintpierredentremont.org\/savoie\/spip.php?article511\">motion le 29 mai 2012<\/a>.<\/p>\n<p class=\"spip\">Dans le prolongement de cette action, la <strong class=\"spip\">r\u00e9flexion<\/strong> sera men\u00e9e concernant la future <strong class=\"spip\">cantine scolaire<\/strong>.<br \/>\nIl est possible d\u2019<strong class=\"spip\">exclure les OGM<\/strong> directement pr\u00e9sents <strong class=\"spip\">dans les produits d\u2019origine v\u00e9g\u00e9tale<\/strong>.<br \/>\nIl est possible d\u2019aller plus loin en <strong class=\"spip\">excluant les produits issus d\u2019animaux nourris avec des OGM<\/strong> (viande, \u0153ufs, lait). La difficult\u00e9 r\u00e9side dans le manque d\u2019\u00e9tiquetage de ces produits.<\/p>\n<h3 class=\"spip\">Sensibiliser les autres \u00e9lus<\/h3>\n<p class=\"spip\">Le Maire a demand\u00e9 au<strong class=\"spip\"> Parc Naturel R\u00e9gional de Chartreuse<\/strong> d\u2019<strong class=\"spip\">organiser la sensibilisation des \u00e9lus<\/strong> de ce territoire sur ce sujet.<br \/>\nIl faudrait pouvoir <strong class=\"spip\">coordonner les actions<\/strong> pour qu\u2019elles ne plus des initiatives individuelles.<br \/>\nIl est probable que les <strong class=\"spip\">Pr\u00e9fets<\/strong> ne r\u00e9agiraient pas de la m\u00eame fa\u00e7on si de <strong class=\"spip\">telles d\u00e9lib\u00e9rations et de tels arr\u00eat\u00e9s<\/strong> \u00e9taient <strong class=\"spip\">pris en m\u00eame temps dans toutes les communes<\/strong> d\u2019un m\u00eame territoire.<br \/>\nA suivre, donc&#8230;.<\/p>\n<p class=\"spip\"><strong class=\"spip\">Pour en savoir plus sur les OGM<\/strong>\u00a0: <a class=\"spip_in\" href=\"https:\/\/saintpierredentremont.org\/savoie\/spip.php?article260\">lire l\u2019article<\/a><\/p>\n<p class=\"spip\">Consulter aussi<br \/>\n<img loading=\"lazy\" decoding=\"async\" class=\"\" src=\"https:\/\/saintpierredentremont.org\/savoie\/local\/cache-vignettes\/L8xH11\/puce-68c92.gif\" alt=\"-\" width=\"8\" height=\"11\" \/>\u00a0le site <a class=\"spip_out\" href=\"http:\/\/www.infogm.org\/\">Inf\u2019OGM &#8211; OGM et les collectivit\u00e9s<\/a><br \/>\n<img loading=\"lazy\" decoding=\"async\" class=\"\" src=\"https:\/\/saintpierredentremont.org\/savoie\/local\/cache-vignettes\/L8xH11\/puce-68c92.gif\" alt=\"-\" width=\"8\" height=\"11\" \/>\u00a0le site en Rh\u00f4ne Alpes <a class=\"spip_out\" href=\"http:\/\/www.resogm.org\/\">R\u00e9s\u2019OGM<\/a><\/p>\n<\/div>\n<div class=\"notes\">\n<p class=\"spip_note\">[1] il faut rappeler qu\u2019il n\u2019y a pas de culture sur le territoire de la Commune, mais uniquement de l\u2019\u00e9levage<\/p>\n<\/div>\n","protected":false},"excerpt":{"rendered":"<p>68% des fran\u00e7ais se d\u00e9clarent tr\u00e8s inquiets quant \u00e0 la pr\u00e9sence d\u2019OGM dans leur assiette, 72% des fran\u00e7ais trouvent important de pouvoir consommer des produits sans OGM. En 2007, 70% des agriculteurs \u00e9taient favorables \u00e0 un moratoire sur les cultures commerciales d\u2019OGM. Les OGM sont aussi l\u2019affaire des \u00e9lus. Le Conseil Municipal a d\u00e9lib\u00e9r\u00e9 pour [&hellip;]<\/p>\n","protected":false},"author":2,"featured_media":0,"comment_status":"open","ping_status":"open","sticky":false,"template":"","format":"standard","meta":{"footnotes":""},"categories":[1],"tags":[],"class_list":["post-712","post","type-post","status-publish","format-standard","hentry","category-mairie"],"publishpress_future_action":{"enabled":false,"date":"2026-05-04 22:57:02","action":"change-status","newStatus":"draft","terms":[],"taxonomy":"category","extraData":[]},"publishpress_future_workflow_manual_trigger":{"enabledWorkflows":[]},"_links":{"self":[{"href":"https:\/\/saintpierredentremont.org\/savoie\/wp-json\/wp\/v2\/posts\/712","targetHints":{"allow":["GET"]}}],"collection":[{"href":"https:\/\/saintpierredentremont.org\/savoie\/wp-json\/wp\/v2\/posts"}],"about":[{"href":"https:\/\/saintpierredentremont.org\/savoie\/wp-json\/wp\/v2\/types\/post"}],"author":[{"embeddable":true,"href":"https:\/\/saintpierredentremont.org\/savoie\/wp-json\/wp\/v2\/users\/2"}],"replies":[{"embeddable":true,"href":"https:\/\/saintpierredentremont.org\/savoie\/wp-json\/wp\/v2\/comments?post=712"}],"version-history":[{"count":1,"href":"https:\/\/saintpierredentremont.org\/savoie\/wp-json\/wp\/v2\/posts\/712\/revisions"}],"predecessor-version":[{"id":714,"href":"https:\/\/saintpierredentremont.org\/savoie\/wp-json\/wp\/v2\/posts\/712\/revisions\/714"}],"wp:attachment":[{"href":"https:\/\/saintpierredentremont.org\/savoie\/wp-json\/wp\/v2\/media?parent=712"}],"wp:term":[{"taxonomy":"category","embeddable":true,"href":"https:\/\/saintpierredentremont.org\/savoie\/wp-json\/wp\/v2\/categories?post=712"},{"taxonomy":"post_tag","embeddable":true,"href":"https:\/\/saintpierredentremont.org\/savoie\/wp-json\/wp\/v2\/tags?post=712"}],"curies":[{"name":"wp","href":"https:\/\/api.w.org\/{rel}","templated":true}]}}